{"id":63677,"date":"2023-08-11T08:39:28","date_gmt":"2023-08-11T06:39:28","guid":{"rendered":"https:\/\/jugulajm.net\/?p=63677"},"modified":"2023-08-11T08:39:28","modified_gmt":"2023-08-11T06:39:28","slug":"foto-perplaset-audi-me-kamioncinen-2-shoferet-dergohen-ne-spital","status":"publish","type":"post","link":"https:\/\/jugulajm.net\/?p=63677","title":{"rendered":"FOTO\/ P\u00ebrplaset &#8220;Audi&#8221; me kamion\u00e7in\u00ebn, 2 shofer\u00ebt d\u00ebrgohen n\u00eb spital"},"content":{"rendered":"<p>Dy mjete jan\u00eb p\u00ebrplasur m\u00ebngjesin e sot\u00ebm n\u00eb qend\u00ebr t\u00eb Fier-Sheganit n\u00eb Lushnje.<\/p>\n<p>P\u00ebrplasja ka ndodhur mes nj\u00eb mjeti tip \u2018Audi\u2019 me targa italiane dhe nj\u00eb kamion\u00e7ine transporti.<\/p>\n<p>Dy drejtuesit kan\u00eb p\u00ebrfunduar n\u00eb spital ku po marrin ndihm\u00eb mjek\u00ebsore.<\/p>\n<p>Sipas t\u00eb dh\u00ebnave paraprake p\u00ebrplasja ka ndodhur n\u00eb or\u00ebn 5 e 30 t\u00eb m\u00ebngjesit. Shkak \u00ebsht\u00eb b\u00ebr\u00eb mosdh\u00ebnia e p\u00ebrpar\u00ebsis\u00eb.<\/p>\n<p>Policia ndodhet n\u00eb vendngjarje ku po rregullon trafikun dhe po heton mbi shkaqet e aksidentit.<\/p>\n","protected":false},"excerpt":{"rendered":"<p>Dy mjete jan\u00eb p\u00ebrplasur m\u00ebngjesin e sot\u00ebm n\u00eb qend\u00ebr t\u00eb Fier-Sheganit n\u00eb Lushnje. P\u00ebrplasja ka ndodhur mes nj\u00eb mjeti tip \u2018Audi\u2019 me targa italiane dhe nj\u00eb kamion\u00e7ine transporti. Dy drejtuesit kan\u00eb p\u00ebrfunduar n\u00eb spital ku po marrin ndihm\u00eb mjek\u00ebsore. Sipas t\u00eb dh\u00ebnave paraprake p\u00ebrplasja ka ndodhur n\u00eb or\u00ebn 5 e 30 t\u00eb m\u00ebngjesit. Shkak \u00ebsht\u00eb [&hellip;]<\/p>\n","protected":false},"author":5,"featured_media":63678,"comment_status":"closed","ping_status":"closed","sticky":false,"template":"","format":"standard","meta":{"footnotes":""},"categories":[1,6332],"tags":[25559,25558],"class_list":{"0":"post-63677","1":"post","2":"type-post","3":"status-publish","4":"format-standard","5":"has-post-thumbnail","7":"category-aktualitet","8":"category-te-fundit","9":"tag-2-shoferet-dergohen-ne-spital","10":"tag-foto-perplaset-audi-me-kamioncinen"},"_links":{"self":[{"href":"https:\/\/jugulajm.net\/index.php?rest_route=\/wp\/v2\/posts\/63677","targetHints":{"allow":["GET"]}}],"collection":[{"href":"https:\/\/jugulajm.net\/index.php?rest_route=\/wp\/v2\/posts"}],"about":[{"href":"https:\/\/jugulajm.net\/index.php?rest_route=\/wp\/v2\/types\/post"}],"author":[{"embeddable":true,"href":"https:\/\/jugulajm.net\/index.php?rest_route=\/wp\/v2\/users\/5"}],"replies":[{"embeddable":true,"href":"https:\/\/jugulajm.net\/index.php?rest_route=%2Fwp%2Fv2%2Fcomments&post=63677"}],"version-history":[{"count":0,"href":"https:\/\/jugulajm.net\/index.php?rest_route=\/wp\/v2\/posts\/63677\/revisions"}],"wp:featuredmedia":[{"embeddable":true,"href":"https:\/\/jugulajm.net\/index.php?rest_route=\/wp\/v2\/media\/63678"}],"wp:attachment":[{"href":"https:\/\/jugulajm.net\/index.php?rest_route=%2Fwp%2Fv2%2Fmedia&parent=63677"}],"wp:term":[{"taxonomy":"category","embeddable":true,"href":"https:\/\/jugulajm.net\/index.php?rest_route=%2Fwp%2Fv2%2Fcategories&post=63677"},{"taxonomy":"post_tag","embeddable":true,"href":"https:\/\/jugulajm.net\/index.php?rest_route=%2Fwp%2Fv2%2Ftags&post=63677"}],"curies":[{"name":"wp","href":"https:\/\/api.w.org\/{rel}","templated":true}]}}