{"id":63637,"date":"2023-08-10T10:24:13","date_gmt":"2023-08-10T08:24:13","guid":{"rendered":"https:\/\/jugulajm.net\/?p=63637"},"modified":"2023-08-10T10:24:13","modified_gmt":"2023-08-10T08:24:13","slug":"emri-foto-greqi-aksidenti-i-merr-jeten-23-vjecarit-shqiptar","status":"publish","type":"post","link":"https:\/\/jugulajm.net\/?p=63637","title":{"rendered":"EMRI-FOTO\/ Greqi, aksidenti i merr jet\u00ebn 23-vje\u00e7arit shqiptar"},"content":{"rendered":"<p>Nj\u00eb 23-vje\u00e7ar shqiptar ka humbur jet\u00ebn n\u00eb nj\u00eb aksident tragjik n\u00eb Greqi.<\/p>\n<p>Ngjarja e r\u00ebnd\u00eb\u00a0ndodhi n\u00eb zon\u00ebn e Mastab\u00ebs n\u00eb Rethymnon, kur n\u00eb rrethana ende t\u00eb paqarta, motori n\u00eb t\u00eb cilin udh\u00ebtonte 23-vje\u00e7ari Kristian Nako dhe nj\u00eb tjet\u00ebr i ri \u00ebsht\u00eb p\u00ebrplasur me nj\u00eb kamion.<\/p>\n<p>N\u00eb vendngjarje mb\u00ebrriti autoambulanca e cila i ka dh\u00ebn\u00eb ndihm\u00ebn e par\u00eb shqiptarit dhe mikut t\u00eb tij 18-vje\u00e7ar.<\/p>\n<p>Ky i fundit ka mb\u00ebrritur n\u00eb spital n\u00eb gjendje t\u00eb mir\u00eb, nd\u00ebrsa shqiptari nuk ka mundur t\u00eb mbijetoj\u00eb p\u00ebr shkak t\u00eb plag\u00ebve t\u00eb marra.<\/p>\n<p>Vdekja e parakohshme e t\u00eb riut ka tronditur r\u00ebnd\u00eb familjar\u00ebt e miqt\u00eb e tij, por edhe komunitetin shqiptar n\u00eb Kret\u00eb, Rethimno, Hania dhe Iraklio.\u00a023-vje\u00e7ari ishte n\u00eb vitin e fundit t\u00eb studimeve n\u00eb Bullgari dhe aspironte t\u00eb b\u00ebhej doktor.<\/p>\n<div class=\"kodiim\" data-mce-contenteditable=\"false\"><iframe loading=\"lazy\" src=\"https:\/\/www.facebook.com\/plugins\/post.php?href=https%3A%2F%2Fwww.facebook.com%2Fphoto.php%3Ffbid%3D676178454533834%26set%3Da.556045963213751%26type%3D3&amp;show_text=true&amp;width=500\" width=\"500\" height=\"819\" frameborder=\"0\" scrolling=\"no\" allowfullscreen=\"allowfullscreen\" data-mce-fragment=\"1\"><\/iframe><\/div>\n","protected":false},"excerpt":{"rendered":"<p>Nj\u00eb 23-vje\u00e7ar shqiptar ka humbur jet\u00ebn n\u00eb nj\u00eb aksident tragjik n\u00eb Greqi. Ngjarja e r\u00ebnd\u00eb\u00a0ndodhi n\u00eb zon\u00ebn e Mastab\u00ebs n\u00eb Rethymnon, kur n\u00eb rrethana ende t\u00eb paqarta, motori n\u00eb t\u00eb cilin udh\u00ebtonte 23-vje\u00e7ari Kristian Nako dhe nj\u00eb tjet\u00ebr i ri \u00ebsht\u00eb p\u00ebrplasur me nj\u00eb kamion. N\u00eb vendngjarje mb\u00ebrriti autoambulanca e cila i ka dh\u00ebn\u00eb ndihm\u00ebn [&hellip;]<\/p>\n","protected":false},"author":5,"featured_media":63638,"comment_status":"closed","ping_status":"closed","sticky":false,"template":"","format":"standard","meta":{"footnotes":""},"categories":[1,6332],"tags":[25534,25533],"class_list":{"0":"post-63637","1":"post","2":"type-post","3":"status-publish","4":"format-standard","5":"has-post-thumbnail","7":"category-aktualitet","8":"category-te-fundit","9":"tag-aksidenti-i-merr-jeten-23-vjecarit-shqiptar","10":"tag-emri-foto-greqi"},"_links":{"self":[{"href":"https:\/\/jugulajm.net\/index.php?rest_route=\/wp\/v2\/posts\/63637","targetHints":{"allow":["GET"]}}],"collection":[{"href":"https:\/\/jugulajm.net\/index.php?rest_route=\/wp\/v2\/posts"}],"about":[{"href":"https:\/\/jugulajm.net\/index.php?rest_route=\/wp\/v2\/types\/post"}],"author":[{"embeddable":true,"href":"https:\/\/jugulajm.net\/index.php?rest_route=\/wp\/v2\/users\/5"}],"replies":[{"embeddable":true,"href":"https:\/\/jugulajm.net\/index.php?rest_route=%2Fwp%2Fv2%2Fcomments&post=63637"}],"version-history":[{"count":0,"href":"https:\/\/jugulajm.net\/index.php?rest_route=\/wp\/v2\/posts\/63637\/revisions"}],"wp:featuredmedia":[{"embeddable":true,"href":"https:\/\/jugulajm.net\/index.php?rest_route=\/wp\/v2\/media\/63638"}],"wp:attachment":[{"href":"https:\/\/jugulajm.net\/index.php?rest_route=%2Fwp%2Fv2%2Fmedia&parent=63637"}],"wp:term":[{"taxonomy":"category","embeddable":true,"href":"https:\/\/jugulajm.net\/index.php?rest_route=%2Fwp%2Fv2%2Fcategories&post=63637"},{"taxonomy":"post_tag","embeddable":true,"href":"https:\/\/jugulajm.net\/index.php?rest_route=%2Fwp%2Fv2%2Ftags&post=63637"}],"curies":[{"name":"wp","href":"https:\/\/api.w.org\/{rel}","templated":true}]}}