{"id":63596,"date":"2023-08-09T13:47:14","date_gmt":"2023-08-09T11:47:14","guid":{"rendered":"https:\/\/jugulajm.net\/?p=63596"},"modified":"2023-08-09T14:01:25","modified_gmt":"2023-08-09T12:01:25","slug":"41-vjecari-gjendet-i-pajete-ne","status":"publish","type":"post","link":"https:\/\/jugulajm.net\/?p=63596","title":{"rendered":"E trisht\u00eb\/ 41-vje\u00e7ari gjendet i mbytur"},"content":{"rendered":"<p>Nj\u00eb 41 vje\u00e7ar \u00ebsht\u00eb gjetur i pajet\u00eb mesdit\u00ebn e k\u00ebsaj t\u00eb m\u00ebrkure n\u00eb nj\u00eb nga liqenet q\u00eb ndodhen n\u00eb Belsh.<\/p>\n<p>Sipas informacioneve m\u00ebsohet se viktima \u00ebsht\u00eb gjetur pa shenja jete n\u00eb uj\u00ebrat e nj\u00eb prej liqeneve n\u00eb Belsh, ku dyshohet se ka r\u00ebn\u00eb aksidentalisht.<\/p>\n<p>Menj\u00ebher\u00eb pas njoftimit, sh\u00ebrbimet e Policis\u00eb kan\u00eb shkuar n\u00eb adres\u00ebn e dh\u00ebn\u00eb, dhe n\u00eb bashk\u00ebpunim me sh\u00ebrbimet zjarrfik\u00ebse, kan\u00eb b\u00ebr\u00eb t\u00eb mundur nxjerrjen nga ky liqen, t\u00eb trupit t\u00eb pajet\u00eb t\u00eb viktim\u00ebs, i cili sipas deklarimeve t\u00eb familjar\u00ebve, vuan nga probleme t\u00eb sh\u00ebndetit mendor.<\/p>\n<p>Nga k\u00ebqyrja paraprake e trupit nuk jan\u00eb konstatuar shenja dhune.<\/p>\n","protected":false},"excerpt":{"rendered":"<p>Nj\u00eb 41 vje\u00e7ar \u00ebsht\u00eb gjetur i pajet\u00eb mesdit\u00ebn e k\u00ebsaj t\u00eb m\u00ebrkure n\u00eb nj\u00eb nga liqenet q\u00eb ndodhen n\u00eb Belsh. Sipas informacioneve m\u00ebsohet se viktima \u00ebsht\u00eb gjetur pa shenja jete n\u00eb uj\u00ebrat e nj\u00eb prej liqeneve n\u00eb Belsh, ku dyshohet se ka r\u00ebn\u00eb aksidentalisht. Menj\u00ebher\u00eb pas njoftimit, sh\u00ebrbimet e Policis\u00eb kan\u00eb shkuar n\u00eb adres\u00ebn e [&hellip;]<\/p>\n","protected":false},"author":5,"featured_media":54787,"comment_status":"closed","ping_status":"closed","sticky":false,"template":"","format":"standard","meta":{"footnotes":""},"categories":[1,6332],"tags":[25515],"class_list":{"0":"post-63596","1":"post","2":"type-post","3":"status-publish","4":"format-standard","5":"has-post-thumbnail","7":"category-aktualitet","8":"category-te-fundit","9":"tag-41-vjecari-gjendet-i-pajete-ne-liqen"},"_links":{"self":[{"href":"https:\/\/jugulajm.net\/index.php?rest_route=\/wp\/v2\/posts\/63596","targetHints":{"allow":["GET"]}}],"collection":[{"href":"https:\/\/jugulajm.net\/index.php?rest_route=\/wp\/v2\/posts"}],"about":[{"href":"https:\/\/jugulajm.net\/index.php?rest_route=\/wp\/v2\/types\/post"}],"author":[{"embeddable":true,"href":"https:\/\/jugulajm.net\/index.php?rest_route=\/wp\/v2\/users\/5"}],"replies":[{"embeddable":true,"href":"https:\/\/jugulajm.net\/index.php?rest_route=%2Fwp%2Fv2%2Fcomments&post=63596"}],"version-history":[{"count":0,"href":"https:\/\/jugulajm.net\/index.php?rest_route=\/wp\/v2\/posts\/63596\/revisions"}],"wp:featuredmedia":[{"embeddable":true,"href":"https:\/\/jugulajm.net\/index.php?rest_route=\/wp\/v2\/media\/54787"}],"wp:attachment":[{"href":"https:\/\/jugulajm.net\/index.php?rest_route=%2Fwp%2Fv2%2Fmedia&parent=63596"}],"wp:term":[{"taxonomy":"category","embeddable":true,"href":"https:\/\/jugulajm.net\/index.php?rest_route=%2Fwp%2Fv2%2Fcategories&post=63596"},{"taxonomy":"post_tag","embeddable":true,"href":"https:\/\/jugulajm.net\/index.php?rest_route=%2Fwp%2Fv2%2Ftags&post=63596"}],"curies":[{"name":"wp","href":"https:\/\/api.w.org\/{rel}","templated":true}]}}