{"id":63570,"date":"2023-08-08T20:39:25","date_gmt":"2023-08-08T18:39:25","guid":{"rendered":"https:\/\/jugulajm.net\/?p=63570"},"modified":"2023-08-08T20:39:25","modified_gmt":"2023-08-08T18:39:25","slug":"gjykata-e-janines-rrezon-kerkesen-e-prokurorise-shqiptare-per-ekstradimin-e-laert-haxhiut","status":"publish","type":"post","link":"https:\/\/jugulajm.net\/?p=63570","title":{"rendered":"Gjykata e Janin\u00ebs rr\u00ebzon k\u00ebrkes\u00ebn e prokuroris\u00eb shqiptare p\u00ebr ekstradimin e Laert Haxhiut"},"content":{"rendered":"<p>Gjykata e Janin\u00ebs n\u00eb Greqi ka vendosur t\u00eb rr\u00ebzoj\u00eb k\u00ebrkes\u00ebn e prokuroris\u00eb shqiptare p\u00ebr ekstradimin e Laert Haxhiut.<\/p>\n<p>Haxhiu do t\u00eb q\u00ebndroj\u00eb n\u00eb burg me akuzat vet\u00ebm p\u00ebr largim nga vendi i aksidentit dhe prishje t\u00eb qet\u00ebsis\u00eb publike. T\u00eb dyja vepra penale q\u00eb i ka kryer teksa i largohej patrull\u00ebs s\u00eb Policis\u00eb greke.<\/p>\n<p>Por megjithat\u00eb, pavar\u00ebsisht vendimit p\u00ebr refuzim t\u00eb ekstradimit, prokuroria themelore e Janin\u00ebs pritet ta Apeloj\u00eb vendimin n\u00eb Gjykat\u00ebn e Apelit, duke k\u00ebrkuar ekstradimin e Laert Haxhiut n\u00eb Shqip\u00ebri.<\/p>\n<p>Laert Haxhiu, nj\u00eb nga t\u00eb shum\u00ebk\u00ebrkuarit e drejt\u00ebsis\u00eb shqiptare, \u00ebsht\u00eb arrestuar n\u00eb qytetin e Janin\u00ebs n\u00eb Greqi n\u00eb maj t\u00eb k\u00ebtij viti.<\/p>\n<p>30-vje\u00e7ari, i konsideruar nga Policia e Shtetit si nj\u00eb nga 5 m\u00eb t\u00eb k\u00ebrkuarit n\u00eb vend q\u00eb prej vitit 2017, \u00ebsht\u00eb d\u00ebnuar p\u00ebr vrasje t\u00eb mbetur n\u00eb tentativ\u00eb me 18 vjet burgim p\u00ebr nj\u00eb ngjarje t\u00eb regjistruar n\u00eb 2016 dhe \u00ebsht\u00eb n\u00eb gjykim, n\u00eb Gjykat\u00ebn e Posa\u00e7me p\u00ebr vrasjen e dyfisht\u00eb n\u00eb Lushnj\u00eb n\u00eb 2017, ku humb\u00ebn jet\u00ebn Zamir Latifi e Jurgen Hoxha, si dhe u plagos Marjus Xhepexhiu.<\/p>\n","protected":false},"excerpt":{"rendered":"<p>Gjykata e Janin\u00ebs n\u00eb Greqi ka vendosur t\u00eb rr\u00ebzoj\u00eb k\u00ebrkes\u00ebn e prokuroris\u00eb shqiptare p\u00ebr ekstradimin e Laert Haxhiut. Haxhiu do t\u00eb q\u00ebndroj\u00eb n\u00eb burg me akuzat vet\u00ebm p\u00ebr largim nga vendi i aksidentit dhe prishje t\u00eb qet\u00ebsis\u00eb publike. T\u00eb dyja vepra penale q\u00eb i ka kryer teksa i largohej patrull\u00ebs s\u00eb Policis\u00eb greke. Por megjithat\u00eb, [&hellip;]<\/p>\n","protected":false},"author":5,"featured_media":59497,"comment_status":"closed","ping_status":"closed","sticky":false,"template":"","format":"standard","meta":{"footnotes":""},"categories":[1,6332],"tags":[25502],"class_list":{"0":"post-63570","1":"post","2":"type-post","3":"status-publish","4":"format-standard","5":"has-post-thumbnail","7":"category-aktualitet","8":"category-te-fundit","9":"tag-gjykata-e-janines-rrezon-kerkesen-e-prokurorise-shqiptare-per-ekstradimin-e-laert-haxhiut"},"_links":{"self":[{"href":"https:\/\/jugulajm.net\/index.php?rest_route=\/wp\/v2\/posts\/63570","targetHints":{"allow":["GET"]}}],"collection":[{"href":"https:\/\/jugulajm.net\/index.php?rest_route=\/wp\/v2\/posts"}],"about":[{"href":"https:\/\/jugulajm.net\/index.php?rest_route=\/wp\/v2\/types\/post"}],"author":[{"embeddable":true,"href":"https:\/\/jugulajm.net\/index.php?rest_route=\/wp\/v2\/users\/5"}],"replies":[{"embeddable":true,"href":"https:\/\/jugulajm.net\/index.php?rest_route=%2Fwp%2Fv2%2Fcomments&post=63570"}],"version-history":[{"count":0,"href":"https:\/\/jugulajm.net\/index.php?rest_route=\/wp\/v2\/posts\/63570\/revisions"}],"wp:featuredmedia":[{"embeddable":true,"href":"https:\/\/jugulajm.net\/index.php?rest_route=\/wp\/v2\/media\/59497"}],"wp:attachment":[{"href":"https:\/\/jugulajm.net\/index.php?rest_route=%2Fwp%2Fv2%2Fmedia&parent=63570"}],"wp:term":[{"taxonomy":"category","embeddable":true,"href":"https:\/\/jugulajm.net\/index.php?rest_route=%2Fwp%2Fv2%2Fcategories&post=63570"},{"taxonomy":"post_tag","embeddable":true,"href":"https:\/\/jugulajm.net\/index.php?rest_route=%2Fwp%2Fv2%2Ftags&post=63570"}],"curies":[{"name":"wp","href":"https:\/\/api.w.org\/{rel}","templated":true}]}}