{"id":63552,"date":"2023-08-08T12:09:33","date_gmt":"2023-08-08T10:09:33","guid":{"rendered":"https:\/\/jugulajm.net\/?p=63552"},"modified":"2023-08-08T12:09:33","modified_gmt":"2023-08-08T10:09:33","slug":"ministri-i-jashtem-grek-nese-shkarkohet-beleri-marredheniet-do-perkeqesohen","status":"publish","type":"post","link":"https:\/\/jugulajm.net\/?p=63552","title":{"rendered":"Ministri i Jasht\u00ebm grek: N\u00ebse shkarkohet Beleri, marr\u00ebdh\u00ebniet do p\u00ebrkeq\u00ebsohen"},"content":{"rendered":"<p>Ministri i Jasht\u00ebm i Greqis\u00eb, Georgos Gerapetritis, n\u00eb nj\u00eb intervist\u00eb p\u00ebr kanalin shtet\u00ebror ERT \u00ebsht\u00eb ndalur gjat\u00eb n\u00eb t\u00eb gjitha \u00e7\u00ebshtjet aktuale t\u00eb diplomacis\u00eb greke, duke i dh\u00ebn\u00eb nj\u00eb r\u00ebnd\u00ebsi t\u00eb ve\u00e7ant\u00eb \u00e7\u00ebshtjes Beleri,<a href=\"https:\/\/www.cnn.gr\/politiki\/story\/376755\/gerapetritis-gia-beleri-epideinosi-ton-sxeseon-elladas-alvanias-an-ekpesei-tou-aksiomatos\"> raporton CNNgreece.<\/a><\/p>\n<p>Ministri i Jasht\u00ebm grek ka konsideruar q\u00ebndrimin e pal\u00ebs shqiptare si \u201cnj\u00eb autogol\u201d duke p\u00ebrdorur shprehjen tradicionale greke \u201cmesa duket Shqip\u00ebria po q\u00ebllon k\u00ebmb\u00ebt e veta\u201d.<\/p>\n<p>Gerapetritis e b\u00ebri t\u00eb qart\u00eb se nuk ka mund\u00ebsi q\u00eb an\u00ebtar\u00ebsimi i Shqip\u00ebris\u00eb n\u00eb BE t\u00eb vazhdoj\u00eb kur ka nj\u00eb shkelje t\u00eb till\u00eb t\u00eb shtetit t\u00eb s\u00eb drejt\u00ebs dhe prezumimit t\u00eb pafaj\u00ebsis\u00eb s\u00eb Fredi Belerit p\u00ebr t\u00eb arritur n\u00eb p\u00ebrfundimin se tensioni i krijuar nuk \u00ebsht\u00eb aspak i dobish\u00ebm p\u00ebr vendin fqinj.<\/p>\n","protected":false},"excerpt":{"rendered":"<p>Ministri i Jasht\u00ebm i Greqis\u00eb, Georgos Gerapetritis, n\u00eb nj\u00eb intervist\u00eb p\u00ebr kanalin shtet\u00ebror ERT \u00ebsht\u00eb ndalur gjat\u00eb n\u00eb t\u00eb gjitha \u00e7\u00ebshtjet aktuale t\u00eb diplomacis\u00eb greke, duke i dh\u00ebn\u00eb nj\u00eb r\u00ebnd\u00ebsi t\u00eb ve\u00e7ant\u00eb \u00e7\u00ebshtjes Beleri, raporton CNNgreece. Ministri i Jasht\u00ebm grek ka konsideruar q\u00ebndrimin e pal\u00ebs shqiptare si \u201cnj\u00eb autogol\u201d duke p\u00ebrdorur shprehjen tradicionale greke \u201cmesa [&hellip;]<\/p>\n","protected":false},"author":5,"featured_media":63553,"comment_status":"closed","ping_status":"closed","sticky":false,"template":"","format":"standard","meta":{"footnotes":""},"categories":[1,6332],"tags":[25492,25491],"class_list":{"0":"post-63552","1":"post","2":"type-post","3":"status-publish","4":"format-standard","5":"has-post-thumbnail","7":"category-aktualitet","8":"category-te-fundit","9":"tag-marredheniet-do-te-perkeqesohen","10":"tag-ministri-i-jashtem-grek-nese-shkarkohet-beleri"},"_links":{"self":[{"href":"https:\/\/jugulajm.net\/index.php?rest_route=\/wp\/v2\/posts\/63552","targetHints":{"allow":["GET"]}}],"collection":[{"href":"https:\/\/jugulajm.net\/index.php?rest_route=\/wp\/v2\/posts"}],"about":[{"href":"https:\/\/jugulajm.net\/index.php?rest_route=\/wp\/v2\/types\/post"}],"author":[{"embeddable":true,"href":"https:\/\/jugulajm.net\/index.php?rest_route=\/wp\/v2\/users\/5"}],"replies":[{"embeddable":true,"href":"https:\/\/jugulajm.net\/index.php?rest_route=%2Fwp%2Fv2%2Fcomments&post=63552"}],"version-history":[{"count":0,"href":"https:\/\/jugulajm.net\/index.php?rest_route=\/wp\/v2\/posts\/63552\/revisions"}],"wp:featuredmedia":[{"embeddable":true,"href":"https:\/\/jugulajm.net\/index.php?rest_route=\/wp\/v2\/media\/63553"}],"wp:attachment":[{"href":"https:\/\/jugulajm.net\/index.php?rest_route=%2Fwp%2Fv2%2Fmedia&parent=63552"}],"wp:term":[{"taxonomy":"category","embeddable":true,"href":"https:\/\/jugulajm.net\/index.php?rest_route=%2Fwp%2Fv2%2Fcategories&post=63552"},{"taxonomy":"post_tag","embeddable":true,"href":"https:\/\/jugulajm.net\/index.php?rest_route=%2Fwp%2Fv2%2Ftags&post=63552"}],"curies":[{"name":"wp","href":"https:\/\/api.w.org\/{rel}","templated":true}]}}