{"id":63534,"date":"2023-08-07T20:59:11","date_gmt":"2023-08-07T18:59:11","guid":{"rendered":"https:\/\/jugulajm.net\/?p=63534"},"modified":"2023-08-07T20:59:11","modified_gmt":"2023-08-07T18:59:11","slug":"emri-foto-ja-kush-eshte-djali-i-anetares-se-klp-se-qe-vrau-ndertuesin-sot","status":"publish","type":"post","link":"https:\/\/jugulajm.net\/?p=63534","title":{"rendered":"EMRI-FOTO\/ Ja kush \u00ebsht\u00ea djali i an\u00ebtares s\u00eb KLP-s\u00eb, q\u00eb vrau nd\u00ebrtuesin sot"},"content":{"rendered":"<p>Zbardhen detaje t\u00eb reja n\u00eb lidhje me ngjarjen e r\u00ebnd\u00eb t\u00eb ndodhur mesdit\u00ebn e sotme n\u00eb Vlor\u00eb, ku mbeti i vdekur Armando Meshahu, inxhinier-nd\u00ebrtues, pasi u q\u00ebllua p\u00ebr vdekje nga nj\u00eb i ri.<\/p>\n<p>Autori i vrasjes m\u00eb grushte t\u00eb nd\u00ebrtuesit Armando Meshahu, \u00ebsht\u00eb Rei Meta, djali i Nurihan Met\u00ebs, an\u00ebtares s\u00eb K\u00ebshillit t\u00eb Lart\u00eb t\u00eb Prokuroris\u00eb.<\/p>\n<p>Kjo ngjarje ka ndodhur p\u00ebr motive pron\u00ebsie, pasi prej disa vitesh autori dhe viktima kishin p\u00ebrplasje mes tyre p\u00ebr shkak t\u00eb blerjes s\u00eb nj\u00eb apartamenti.<\/p>\n<p>Ngjarja ka ndodhur n\u00eb nj\u00eb qend\u00ebr interneti ne qytetin e Vlor\u00ebs.<\/p>\n<p>Sipas burimeve nga policia m\u00ebsohet se 55-vje\u00e7ari ka qen\u00eb n\u00eb nj\u00eb pik\u00eb interneti p\u00ebr te printuar dokumente dhe aty ka nisur nj\u00eb konflikti me Rei Meten.<\/p>\n<p>Nga d\u00ebshmit\u00eb e marra n\u00eb vendin e ngjarjes m\u00ebsohet se n\u00eb fillim sherri ka nisur me fjal\u00eb dhe m\u00eb pas Armando Meshau e ka ofenduar autorin dhe i ka th\u00ebn\u00eb q\u00eb \u2018nuk ka p\u00ebr t\u00eb marr\u00eb apartamentin\u2019.<\/p>\n<p>Sipas policis\u00eb Meta i ka dh\u00ebn\u00eb inxhinierit t\u00eb nd\u00ebrtimit nj\u00eb tok\u00eb p\u00ebr t\u00eb nd\u00ebrtuar dhe nga aty kishin r\u00ebn\u00eb dakord q\u00eb kur t\u00eb nd\u00ebrtohej 33-vje\u00e7ari do t\u00eb merrte apartament.<\/p>\n","protected":false},"excerpt":{"rendered":"<p>Zbardhen detaje t\u00eb reja n\u00eb lidhje me ngjarjen e r\u00ebnd\u00eb t\u00eb ndodhur mesdit\u00ebn e sotme n\u00eb Vlor\u00eb, ku mbeti i vdekur Armando Meshahu, inxhinier-nd\u00ebrtues, pasi u q\u00ebllua p\u00ebr vdekje nga nj\u00eb i ri. Autori i vrasjes m\u00eb grushte t\u00eb nd\u00ebrtuesit Armando Meshahu, \u00ebsht\u00eb Rei Meta, djali i Nurihan Met\u00ebs, an\u00ebtares s\u00eb K\u00ebshillit t\u00eb Lart\u00eb t\u00eb [&hellip;]<\/p>\n","protected":false},"author":5,"featured_media":63535,"comment_status":"closed","ping_status":"closed","sticky":false,"template":"","format":"standard","meta":{"footnotes":""},"categories":[1,6332],"tags":[25484,25485],"class_list":{"0":"post-63534","1":"post","2":"type-post","3":"status-publish","4":"format-standard","5":"has-post-thumbnail","7":"category-aktualitet","8":"category-te-fundit","9":"tag-emri-foto-ja-kush-eshte-djali-i-anetares-se-klp-se","10":"tag-qe-vrau-ndertuesin-sot"},"_links":{"self":[{"href":"https:\/\/jugulajm.net\/index.php?rest_route=\/wp\/v2\/posts\/63534","targetHints":{"allow":["GET"]}}],"collection":[{"href":"https:\/\/jugulajm.net\/index.php?rest_route=\/wp\/v2\/posts"}],"about":[{"href":"https:\/\/jugulajm.net\/index.php?rest_route=\/wp\/v2\/types\/post"}],"author":[{"embeddable":true,"href":"https:\/\/jugulajm.net\/index.php?rest_route=\/wp\/v2\/users\/5"}],"replies":[{"embeddable":true,"href":"https:\/\/jugulajm.net\/index.php?rest_route=%2Fwp%2Fv2%2Fcomments&post=63534"}],"version-history":[{"count":0,"href":"https:\/\/jugulajm.net\/index.php?rest_route=\/wp\/v2\/posts\/63534\/revisions"}],"wp:featuredmedia":[{"embeddable":true,"href":"https:\/\/jugulajm.net\/index.php?rest_route=\/wp\/v2\/media\/63535"}],"wp:attachment":[{"href":"https:\/\/jugulajm.net\/index.php?rest_route=%2Fwp%2Fv2%2Fmedia&parent=63534"}],"wp:term":[{"taxonomy":"category","embeddable":true,"href":"https:\/\/jugulajm.net\/index.php?rest_route=%2Fwp%2Fv2%2Fcategories&post=63534"},{"taxonomy":"post_tag","embeddable":true,"href":"https:\/\/jugulajm.net\/index.php?rest_route=%2Fwp%2Fv2%2Ftags&post=63534"}],"curies":[{"name":"wp","href":"https:\/\/api.w.org\/{rel}","templated":true}]}}