{"id":63479,"date":"2023-08-06T19:48:47","date_gmt":"2023-08-06T17:48:47","guid":{"rendered":"https:\/\/jugulajm.net\/?p=63479"},"modified":"2023-08-06T19:48:47","modified_gmt":"2023-08-06T17:48:47","slug":"gjirokastriti-rikthehet-ne-krye-te-ballshioteve-te-bylisit","status":"publish","type":"post","link":"https:\/\/jugulajm.net\/?p=63479","title":{"rendered":"Gjirokastriti rikthehet n\u00eb krye t\u00eb ballshiot\u00ebve t\u00eb &#8220;Bylisit&#8221;"},"content":{"rendered":"<p>Gjirokastriti Arjan Bellai, rikthehet n\u00eb stolin e Bylisit.<\/p>\n<p>Ish-futbollisti i Komb\u00ebtares Shqiptare ka marr\u00eb zyrtarisht drejtimin e klubit ballshiot, k\u00ebt\u00eb her\u00eb me misionin p\u00ebr ta rikthyer n\u00eb elit\u00ebn e futbollit shqiptar.<\/p>\n<p>Bellai drejtoi Bylisin edhe n\u00eb fillim t\u00eb sezonit t\u00eb kaluar n\u00eb Kategorin\u00eb Superiore, por u t\u00ebrhoq pasi rezultatet nuk ishin t\u00eb duhurat.<\/p>\n<p>Edhe n\u00eb k\u00ebt\u00eb eksperienc\u00eb t\u00eb tij, Bellai do t\u00eb shoq\u00ebrohet nga greku Kosta Michailidis, nd\u00ebrsa p\u00ebrgatit\u00ebs atletik do t\u00eb jet\u00eb argjentinasi Francisco Tursi.<\/p>\n","protected":false},"excerpt":{"rendered":"<p>Gjirokastriti Arjan Bellai, rikthehet n\u00eb stolin e Bylisit. Ish-futbollisti i Komb\u00ebtares Shqiptare ka marr\u00eb zyrtarisht drejtimin e klubit ballshiot, k\u00ebt\u00eb her\u00eb me misionin p\u00ebr ta rikthyer n\u00eb elit\u00ebn e futbollit shqiptar. Bellai drejtoi Bylisin edhe n\u00eb fillim t\u00eb sezonit t\u00eb kaluar n\u00eb Kategorin\u00eb Superiore, por u t\u00ebrhoq pasi rezultatet nuk ishin t\u00eb duhurat. Edhe n\u00eb [&hellip;]<\/p>\n","protected":false},"author":5,"featured_media":49275,"comment_status":"closed","ping_status":"closed","sticky":false,"template":"","format":"standard","meta":{"footnotes":""},"categories":[6334,6332],"tags":[25453],"class_list":{"0":"post-63479","1":"post","2":"type-post","3":"status-publish","4":"format-standard","5":"has-post-thumbnail","7":"category-sport","8":"category-te-fundit","9":"tag-gjirokastriti-rikthehet-ne-krye-te-ballshioteve-te-bylisit"},"_links":{"self":[{"href":"https:\/\/jugulajm.net\/index.php?rest_route=\/wp\/v2\/posts\/63479","targetHints":{"allow":["GET"]}}],"collection":[{"href":"https:\/\/jugulajm.net\/index.php?rest_route=\/wp\/v2\/posts"}],"about":[{"href":"https:\/\/jugulajm.net\/index.php?rest_route=\/wp\/v2\/types\/post"}],"author":[{"embeddable":true,"href":"https:\/\/jugulajm.net\/index.php?rest_route=\/wp\/v2\/users\/5"}],"replies":[{"embeddable":true,"href":"https:\/\/jugulajm.net\/index.php?rest_route=%2Fwp%2Fv2%2Fcomments&post=63479"}],"version-history":[{"count":0,"href":"https:\/\/jugulajm.net\/index.php?rest_route=\/wp\/v2\/posts\/63479\/revisions"}],"wp:featuredmedia":[{"embeddable":true,"href":"https:\/\/jugulajm.net\/index.php?rest_route=\/wp\/v2\/media\/49275"}],"wp:attachment":[{"href":"https:\/\/jugulajm.net\/index.php?rest_route=%2Fwp%2Fv2%2Fmedia&parent=63479"}],"wp:term":[{"taxonomy":"category","embeddable":true,"href":"https:\/\/jugulajm.net\/index.php?rest_route=%2Fwp%2Fv2%2Fcategories&post=63479"},{"taxonomy":"post_tag","embeddable":true,"href":"https:\/\/jugulajm.net\/index.php?rest_route=%2Fwp%2Fv2%2Ftags&post=63479"}],"curies":[{"name":"wp","href":"https:\/\/api.w.org\/{rel}","templated":true}]}}