{"id":63469,"date":"2023-08-06T14:42:06","date_gmt":"2023-08-06T12:42:06","guid":{"rendered":"https:\/\/jugulajm.net\/?p=63469"},"modified":"2023-08-06T14:44:03","modified_gmt":"2023-08-06T12:44:03","slug":"emri-foto-prangoset-29-vjecari-njeri-nga-organizatoret-e-rrembimit-e-zhdukjes-se-jang-prenges","status":"publish","type":"post","link":"https:\/\/jugulajm.net\/?p=63469","title":{"rendered":"EMRI-FOTO\/ Prangoset 29 vje\u00e7ari, nj\u00ebri nga organizator\u00ebt e rr\u00ebmbimit e zhdukjes s\u00eb Jan Preng\u00ebs"},"content":{"rendered":"<p>Personi n\u00eb foton e m\u00ebposhtme \u00ebsht\u00eb Aldo Majnishta, i v\u00ebn\u00eb n\u00eb pranga nga policia pasi ishte shpallur n\u00eb k\u00ebrkim si nj\u00ebri nga organizator\u00ebt e rr\u00ebmbimit dhe zhdukjes s\u00eb shtetasit Jan Preng\u00ebs, tre vite m\u00eb par\u00eb.<\/p>\n<p>Interpol Tirana, n\u00eb bashk\u00ebpunim me autoritetet kosovare, vijon procedurat p\u00ebr ekstradimin e k\u00ebtij shtetasi, drejt Shqip\u00ebris\u00eb.<\/p>\n<p>Ngjarja e r\u00ebnd\u00eb ka ndodhur m\u00eb 17 Janar 2020, n\u00eb Kamz\u00eb.<\/p>\n<p>49 vje\u00e7ari Prenga u mor peng n\u00eb Kam\u00ebz dhe u vra rrug\u00ebs p\u00ebr te nj\u00eb resort n\u00eb Shijak.<\/p>\n<p><img decoding=\"async\" src=\"https:\/\/www.syri.net\/uploads\/syri.net\/images\/2023\/August\/06\/auto_aldo-majnishta-696x3921691324807.jpg\" alt=\"Image\" \/>Aldo Majnishta<\/p>\n<p><img decoding=\"async\" src=\"https:\/\/www.syri.net\/uploads\/syri.net\/images\/2023\/August\/06\/auto_Screenshot_171691323999.jpg\" alt=\"Image\" \/>Jan Prenga<\/p>\n<p><strong>Njoftimi i policis\u00eb:<\/strong><\/p>\n<p>Policia e Shtetit<\/p>\n<p>Finalizohet operacioni policor i koduar \u201cPengmarrja\u201d.<\/p>\n<p>Operacioni, nd\u00ebrmjet Policis\u00eb s\u00eb Shtetit dhe Policis\u00eb s\u00eb Kosov\u00ebs.<\/p>\n<p>Si rezultat i shk\u00ebmbimit n\u00eb koh\u00eb t\u00eb informacioneve nd\u00ebrmjet Interpol Tiran\u00ebs dhe ILECU-s\u00eb, Kosov\u00eb, \u00ebsht\u00eb lokalizuar, kapur dhe v\u00ebn\u00eb n\u00eb pranga nj\u00eb shtetas i k\u00ebrkuar p\u00ebr krime kund\u00ebr personit.<\/p>\n<p>N\u00eb vijim t\u00eb pun\u00ebs p\u00ebr sigurimin e informacioneve mbi vendndodhjen e shtetasve t\u00eb k\u00ebrkuar nd\u00ebrkomb\u00ebtarisht, me q\u00ebllim kapjen e tyre, si dhe n\u00eb vazhd\u00ebn e operacioneve t\u00eb nj\u00ebpasnj\u00ebshme p\u00ebr p\u00ebrmbushjen e k\u00ebtij q\u00ebllimi, t\u00eb zhvilluara dhe me partner\u00ebt nd\u00ebrkomb\u00ebtar\u00eb, \u00ebsht\u00eb finalizuar nj\u00eb tjet\u00ebr operacion i p\u00ebrbashk\u00ebt me Policin\u00eb e Kosov\u00ebs, i koduar \u201cPengmarrja\u201d.<\/p>\n<p>Si rezultat i shk\u00ebmbimit n\u00eb koh\u00eb t\u00eb informacioneve nd\u00ebrmjet Interpol Tiran\u00ebs dhe ILECU-s\u00eb, Kosov\u00eb, informacione k\u00ebto t\u00eb siguruara nga strukturat e Policis\u00eb, p\u00ebr nj\u00eb shtetas t\u00eb k\u00ebrkuar q\u00eb qarkullonte n\u00eb Kosov\u00eb, me dokumentet e nj\u00eb shtetasi tjet\u00ebr, n\u00eb kuad\u00ebr t\u00eb operacionit \u201cPengmarrja\u201d, u b\u00eb i mundur lokalizimi, kapja dhe arrestimi me q\u00ebllim ekstradimin drejt vendit ton\u00eb, i shtetasit t\u00eb shpallur n\u00eb k\u00ebrkim nd\u00ebrkomb\u00ebtar Aldo Majnishta, 29 vje\u00e7, lindur n\u00eb Shkod\u00ebr.<\/p>\n<p>Ky shtetas, n\u00eb momentin e kapjes, ka paraqitur pran\u00eb autoriteteve kosovare, dokumentet e nj\u00eb shtetasi tjet\u00ebr. Si rezultat i bashk\u00ebpunimit t\u00eb Interpol Tiran\u00ebs me k\u00ebto autoritete, jan\u00eb kryer nj\u00eb s\u00ebr\u00eb verifikimesh nga t\u00eb cilat ka rezultuar se shtetasi i kapur gjat\u00eb operacionit ishte Aldo Majnishta.<\/p>\n<p>-Gjykata e Posa\u00e7me kund\u00ebr Korrupsionit dhe Krimit t\u00eb Organizuar, n\u00eb vitin 2022, i ka caktuar 29-vje\u00e7arit, mas\u00ebn e siguris\u00eb \u201cArrest n\u00eb burg\u201d, p\u00ebr veprat penale \u201cRr\u00ebmbimi ose mbajtja peng e personit\u201d, kryer n\u00eb bashk\u00ebpunim, \u201cTrafikimi i narkotik\u00ebve\u201d, kryer n\u00eb bashk\u00ebpunim, \u201cProdhimi dhe mbajtja pa leje e arm\u00ebve, arm\u00ebve shp\u00ebrthyese dhe municionit\u201d dhe \u201cFshehja ose asgj\u00ebsimi i kufom\u00ebs\u201d.<\/p>\n<p>Ky shtetas ishte shpallur n\u00eb k\u00ebrkim pasi nga hetimet ka rezultuar se \u00ebsht\u00eb nj\u00ebri nga organizator\u00ebt e rr\u00ebmbimit dhe zhdukjes s\u00eb shtetasit J. P.<\/p>\n<p>-Gjithashtu, k\u00ebt\u00eb shtetas Gjykata e Apelit t\u00eb Shkodr\u00ebs, n\u00eb vitin 2016, e ka d\u00ebnuar me 3 vjet burgim (nga t\u00eb cilat i kan\u00eb mbetur p\u00ebr t\u00eb kryer 2 vjet, 3 muaj dhe 15 dit\u00eb burgim), p\u00ebr veprat penale \u201cShkelja e rregullave t\u00eb qarkullimit rrugor \u201c, \u201cMosbindja ndaj urdhrit t\u00eb punonj\u00ebsit t\u00eb policis\u00eb s\u00eb rendit publik\u201d , \u201cProdhimi dhe mbajtja pa leje e arm\u00ebve, arm\u00ebve shp\u00ebrthyese dhe municionit\u201d dhe \u201cLargimi nga vendi i aksidentit\u201d.<\/p>\n<p>Interpol Tirana, n\u00eb bashk\u00ebpunim me autoritetet kosovare, vijon procedurat p\u00ebr ekstradimin e k\u00ebtij shtetasi, drejt Shqip\u00ebris\u00eb.<\/p>\n","protected":false},"excerpt":{"rendered":"<p>Personi n\u00eb foton e m\u00ebposhtme \u00ebsht\u00eb Aldo Majnishta, i v\u00ebn\u00eb n\u00eb pranga nga policia pasi ishte shpallur n\u00eb k\u00ebrkim si nj\u00ebri nga organizator\u00ebt e rr\u00ebmbimit dhe zhdukjes s\u00eb shtetasit Jan Preng\u00ebs, tre vite m\u00eb par\u00eb. Interpol Tirana, n\u00eb bashk\u00ebpunim me autoritetet kosovare, vijon procedurat p\u00ebr ekstradimin e k\u00ebtij shtetasi, drejt Shqip\u00ebris\u00eb. Ngjarja e r\u00ebnd\u00eb ka [&hellip;]<\/p>\n","protected":false},"author":5,"featured_media":63470,"comment_status":"closed","ping_status":"closed","sticky":false,"template":"","format":"standard","meta":{"footnotes":""},"categories":[1,6332],"tags":[25447,25448],"class_list":{"0":"post-63469","1":"post","2":"type-post","3":"status-publish","4":"format-standard","5":"has-post-thumbnail","7":"category-aktualitet","8":"category-te-fundit","9":"tag-emri-foto-prangoset-29-vjecari","10":"tag-njeri-nga-organizatoret-e-rrembimit-e-zhdukjes-se-jang-prenges"},"_links":{"self":[{"href":"https:\/\/jugulajm.net\/index.php?rest_route=\/wp\/v2\/posts\/63469","targetHints":{"allow":["GET"]}}],"collection":[{"href":"https:\/\/jugulajm.net\/index.php?rest_route=\/wp\/v2\/posts"}],"about":[{"href":"https:\/\/jugulajm.net\/index.php?rest_route=\/wp\/v2\/types\/post"}],"author":[{"embeddable":true,"href":"https:\/\/jugulajm.net\/index.php?rest_route=\/wp\/v2\/users\/5"}],"replies":[{"embeddable":true,"href":"https:\/\/jugulajm.net\/index.php?rest_route=%2Fwp%2Fv2%2Fcomments&post=63469"}],"version-history":[{"count":0,"href":"https:\/\/jugulajm.net\/index.php?rest_route=\/wp\/v2\/posts\/63469\/revisions"}],"wp:featuredmedia":[{"embeddable":true,"href":"https:\/\/jugulajm.net\/index.php?rest_route=\/wp\/v2\/media\/63470"}],"wp:attachment":[{"href":"https:\/\/jugulajm.net\/index.php?rest_route=%2Fwp%2Fv2%2Fmedia&parent=63469"}],"wp:term":[{"taxonomy":"category","embeddable":true,"href":"https:\/\/jugulajm.net\/index.php?rest_route=%2Fwp%2Fv2%2Fcategories&post=63469"},{"taxonomy":"post_tag","embeddable":true,"href":"https:\/\/jugulajm.net\/index.php?rest_route=%2Fwp%2Fv2%2Ftags&post=63469"}],"curies":[{"name":"wp","href":"https:\/\/api.w.org\/{rel}","templated":true}]}}