{"id":63442,"date":"2023-08-05T19:43:31","date_gmt":"2023-08-05T17:43:31","guid":{"rendered":"https:\/\/jugulajm.net\/?p=63442"},"modified":"2023-08-05T19:43:31","modified_gmt":"2023-08-05T17:43:31","slug":"foto-tjeter-aksident-i-rende-plagosen-5-persona-1-ne-gjendje-te-rende","status":"publish","type":"post","link":"https:\/\/jugulajm.net\/?p=63442","title":{"rendered":"FOTO\/ Tjet\u00ebr aksident i r\u00ebnd\u00eb, plagosen 5 persona, 1 n\u00eb gjendje t\u00eb r\u00ebnd\u00eb"},"content":{"rendered":"<p>Nj\u00eb aksident ka ndodhur pasditen e k\u00ebsaj t\u00eb shtune n\u00eb af\u00ebrsi t\u00eb fshatit Udenisht n\u00eb Pogradec.<\/p>\n<p>N\u00eb aksident jan\u00eb p\u00ebrfshir\u00eb dy automjete, ku 5 persona kan\u00eb ngelur t\u00eb plagosur, 3 prej tyre f\u00ebmij\u00eb.<\/p>\n<p>Sipas informacioneve paraprake b\u00ebhet me dije se nj\u00ebri nga t\u00eb plagosurit ndodhet n\u00eb gjendje t\u00eb r\u00ebnd\u00eb sh\u00ebndet\u00ebsore dhe do t\u00eb niset drejt kryeqytetit p\u00ebr mjekim p\u00ebr t\u00eb specializuar.<\/p>\n<p>Paraprakisht mendohet se shkak i aksidentit ka qen\u00eb shpejt\u00ebsia e lart\u00eb dhe lag\u00ebshtia n\u00eb rrug\u00eb.<\/p>\n<p>Grupi hetimor dhe policia ndodhen n\u00eb vendngjarje dhe po punojn\u00eb p\u00ebr zbardhjen e rrethanave t\u00eb aksidentit.<\/p>\n<p>Ky \u00ebsht\u00eb aksidenti i dyt\u00eb brenda pak or\u00ebve n\u00eb juglindje, ku pak m\u00eb par\u00eb nj\u00eb tjet\u00ebr aksident ndodhur n\u00eb rrug\u00ebn nacionale Kor\u00e7\u00eb-Pogradec, me 7 t\u00eb plagosur.<\/p>\n","protected":false},"excerpt":{"rendered":"<p>Nj\u00eb aksident ka ndodhur pasditen e k\u00ebsaj t\u00eb shtune n\u00eb af\u00ebrsi t\u00eb fshatit Udenisht n\u00eb Pogradec. N\u00eb aksident jan\u00eb p\u00ebrfshir\u00eb dy automjete, ku 5 persona kan\u00eb ngelur t\u00eb plagosur, 3 prej tyre f\u00ebmij\u00eb. Sipas informacioneve paraprake b\u00ebhet me dije se nj\u00ebri nga t\u00eb plagosurit ndodhet n\u00eb gjendje t\u00eb r\u00ebnd\u00eb sh\u00ebndet\u00ebsore dhe do t\u00eb niset drejt [&hellip;]<\/p>\n","protected":false},"author":5,"featured_media":63443,"comment_status":"closed","ping_status":"closed","sticky":false,"template":"","format":"standard","meta":{"footnotes":""},"categories":[1,6332],"tags":[25434,25432,25433],"class_list":{"0":"post-63442","1":"post","2":"type-post","3":"status-publish","4":"format-standard","5":"has-post-thumbnail","7":"category-aktualitet","8":"category-te-fundit","9":"tag-1-ne-gjendje-te-rende","10":"tag-foto-tjeter-aksident-i-rende","11":"tag-plagosen-5-persona"},"_links":{"self":[{"href":"https:\/\/jugulajm.net\/index.php?rest_route=\/wp\/v2\/posts\/63442","targetHints":{"allow":["GET"]}}],"collection":[{"href":"https:\/\/jugulajm.net\/index.php?rest_route=\/wp\/v2\/posts"}],"about":[{"href":"https:\/\/jugulajm.net\/index.php?rest_route=\/wp\/v2\/types\/post"}],"author":[{"embeddable":true,"href":"https:\/\/jugulajm.net\/index.php?rest_route=\/wp\/v2\/users\/5"}],"replies":[{"embeddable":true,"href":"https:\/\/jugulajm.net\/index.php?rest_route=%2Fwp%2Fv2%2Fcomments&post=63442"}],"version-history":[{"count":0,"href":"https:\/\/jugulajm.net\/index.php?rest_route=\/wp\/v2\/posts\/63442\/revisions"}],"wp:featuredmedia":[{"embeddable":true,"href":"https:\/\/jugulajm.net\/index.php?rest_route=\/wp\/v2\/media\/63443"}],"wp:attachment":[{"href":"https:\/\/jugulajm.net\/index.php?rest_route=%2Fwp%2Fv2%2Fmedia&parent=63442"}],"wp:term":[{"taxonomy":"category","embeddable":true,"href":"https:\/\/jugulajm.net\/index.php?rest_route=%2Fwp%2Fv2%2Fcategories&post=63442"},{"taxonomy":"post_tag","embeddable":true,"href":"https:\/\/jugulajm.net\/index.php?rest_route=%2Fwp%2Fv2%2Ftags&post=63442"}],"curies":[{"name":"wp","href":"https:\/\/api.w.org\/{rel}","templated":true}]}}