{"id":63409,"date":"2023-08-05T11:52:05","date_gmt":"2023-08-05T09:52:05","guid":{"rendered":"https:\/\/jugulajm.net\/?p=63409"},"modified":"2023-08-05T11:52:05","modified_gmt":"2023-08-05T09:52:05","slug":"emri-foto-sherri-ne-lokal-ja-kush-eshte-39-vjecari-qe-humbi-jeten","status":"publish","type":"post","link":"https:\/\/jugulajm.net\/?p=63409","title":{"rendered":"EMRI-FOTO\/ Sherri n\u00eb lokal, ja kush \u00ebsht\u00eb 39-vje\u00e7ari q\u00eb humbi jet\u00ebn"},"content":{"rendered":"<p>Personi n\u00eb foto \u00ebsht\u00eb 39-vje\u00e7ari i cili humbi jet\u00ebn si pasoj\u00eb e t\u00eb sht\u00ebnave me arm\u00eb zjarr mbr\u00ebmjen e s\u00eb premtes (4 gusht), n\u00eb nj\u00eb lokal n\u00eb Prishtin\u00eb.<\/p>\n<p>39-vje\u00e7ari Kastriot Ramadani, nd\u00ebrroi jet\u00eb n\u00eb spital or\u00ebt e para t\u00eb m\u00ebngjesit t\u00eb sot\u00ebm.<\/p>\n<p>Sipas shefit t\u00eb repartit intensiv n\u00eb QKUK, Shaqir Uka, 39-vje\u00e7ari Kastriot Ramadani nd\u00ebrroi jet\u00eb p\u00ebr shkak t\u00eb plag\u00ebve t\u00eb marra n\u00eb bark.<\/p>\n<p>\u201cNga informacionet q\u00eb kam nga ekipi kujdestar\u00eb i Mjekimit Intensiv, nj\u00eb pacient q\u00eb ka marr\u00eb plag\u00eb nga plagosja e mbr\u00ebmshme pas intervenimit kirurgjik \u00ebsht\u00eb sjell p\u00ebr trajtim t\u00eb m\u00ebtutjesh\u00ebm n\u00eb Mjekimin Intensiv. Pacienti n\u00eb fjal\u00eb edhe p\u00ebrkund\u00ebr t\u00eb gjith\u00eb trajtimit kirurgjik dhe terapis\u00eb intensive nuk ka arrit t\u2019iu mbijetoj plag\u00ebve dhe ka nd\u00ebrruar jet\u00eb n\u00eb or\u00ebt e hershme t\u00eb m\u00ebngjesit. Ka qen\u00eb i plagosur n\u00eb regjionin e barkut, mosha e tij 39 vje\u00e7\u201d, tha ai<\/p>\n<p>Nd\u00ebrkoh\u00eb, policia njoftoi se mes 17 t\u00eb l\u00ebnduarve, 14 jan\u00eb vajza dhe 3 prej tyre meshkuj.<\/p>\n","protected":false},"excerpt":{"rendered":"<p>Personi n\u00eb foto \u00ebsht\u00eb 39-vje\u00e7ari i cili humbi jet\u00ebn si pasoj\u00eb e t\u00eb sht\u00ebnave me arm\u00eb zjarr mbr\u00ebmjen e s\u00eb premtes (4 gusht), n\u00eb nj\u00eb lokal n\u00eb Prishtin\u00eb. 39-vje\u00e7ari Kastriot Ramadani, nd\u00ebrroi jet\u00eb n\u00eb spital or\u00ebt e para t\u00eb m\u00ebngjesit t\u00eb sot\u00ebm. Sipas shefit t\u00eb repartit intensiv n\u00eb QKUK, Shaqir Uka, 39-vje\u00e7ari Kastriot Ramadani nd\u00ebrroi [&hellip;]<\/p>\n","protected":false},"author":5,"featured_media":63410,"comment_status":"closed","ping_status":"closed","sticky":false,"template":"","format":"standard","meta":{"footnotes":""},"categories":[1,6332],"tags":[25411,25412],"class_list":{"0":"post-63409","1":"post","2":"type-post","3":"status-publish","4":"format-standard","5":"has-post-thumbnail","7":"category-aktualitet","8":"category-te-fundit","9":"tag-emri-foto-sherri-ne-lokal","10":"tag-ja-kush-eshte-39-vjecari-qe-humbi-jeten"},"_links":{"self":[{"href":"https:\/\/jugulajm.net\/index.php?rest_route=\/wp\/v2\/posts\/63409","targetHints":{"allow":["GET"]}}],"collection":[{"href":"https:\/\/jugulajm.net\/index.php?rest_route=\/wp\/v2\/posts"}],"about":[{"href":"https:\/\/jugulajm.net\/index.php?rest_route=\/wp\/v2\/types\/post"}],"author":[{"embeddable":true,"href":"https:\/\/jugulajm.net\/index.php?rest_route=\/wp\/v2\/users\/5"}],"replies":[{"embeddable":true,"href":"https:\/\/jugulajm.net\/index.php?rest_route=%2Fwp%2Fv2%2Fcomments&post=63409"}],"version-history":[{"count":0,"href":"https:\/\/jugulajm.net\/index.php?rest_route=\/wp\/v2\/posts\/63409\/revisions"}],"wp:featuredmedia":[{"embeddable":true,"href":"https:\/\/jugulajm.net\/index.php?rest_route=\/wp\/v2\/media\/63410"}],"wp:attachment":[{"href":"https:\/\/jugulajm.net\/index.php?rest_route=%2Fwp%2Fv2%2Fmedia&parent=63409"}],"wp:term":[{"taxonomy":"category","embeddable":true,"href":"https:\/\/jugulajm.net\/index.php?rest_route=%2Fwp%2Fv2%2Fcategories&post=63409"},{"taxonomy":"post_tag","embeddable":true,"href":"https:\/\/jugulajm.net\/index.php?rest_route=%2Fwp%2Fv2%2Ftags&post=63409"}],"curies":[{"name":"wp","href":"https:\/\/api.w.org\/{rel}","templated":true}]}}