{"id":63344,"date":"2023-08-03T17:17:46","date_gmt":"2023-08-03T15:17:46","guid":{"rendered":"https:\/\/jugulajm.net\/?p=63344"},"modified":"2023-08-03T17:17:46","modified_gmt":"2023-08-03T15:17:46","slug":"emrat-foto-ja-kush-jane-2-personat-qe-vrane-32-vjecaren-tek-ura-e-dajlanit","status":"publish","type":"post","link":"https:\/\/jugulajm.net\/?p=63344","title":{"rendered":"EMRAT-FOTO\/ Ja kush jan\u00eb 2 personat q\u00eb vran\u00eb 32-vje\u00e7aren tek \u201cUra e Dajlanit\u201d"},"content":{"rendered":"<p>Personat q\u00eb shihni n\u00eb foto jan\u00eb Aldo Brahimi dhe Ylli Grabovari, dy autor\u00ebt kryesor\u00eb t\u00eb vrasjes s\u00eb Luljeta Prez\u00ebs, 32-vje\u00e7ares, q\u00eb u gjet e vdekur paraditen e djeshme n\u00eb Ur\u00ebn e Dajlanit.<\/p>\n<p>M\u00ebsohet se ajo \u00ebsht\u00eb vrar\u00eb nga dy personat pas nj\u00eb sherri banal n\u00eb lidhje me parat\u00eb.<\/p>\n<p>Me ta kan\u00eb qen\u00eb edhe tre vajza t\u00eb cilat jan\u00eb n\u00ebn hetim p\u00ebr moskall\u00ebzim krimi. Autor\u00ebt dhe tre vajzat kishin konsumuar l\u00ebnd\u00eb narkotike dhe m\u00eb pas vran\u00eb Luljet\u00ebn, 32-vje\u00e7, p\u00ebr nj\u00eb konflikt parash.<\/p>\n<p>Zona tek Ura e Dajlanit, \u00ebsht\u00eb e njohur p\u00ebr shfryt\u00ebzim prostitucioni dhe dyshohet se Luljeta kryente at\u00eb pun\u00eb p\u00ebr t\u00eb siguruar para. Aldo Brahimi dhe Ylli Grabovari dol\u00ebn zbuluar pas nj\u00eb p\u00ebrgjimi q\u00eb policia u b\u00ebri.<\/p>\n","protected":false},"excerpt":{"rendered":"<p>Personat q\u00eb shihni n\u00eb foto jan\u00eb Aldo Brahimi dhe Ylli Grabovari, dy autor\u00ebt kryesor\u00eb t\u00eb vrasjes s\u00eb Luljeta Prez\u00ebs, 32-vje\u00e7ares, q\u00eb u gjet e vdekur paraditen e djeshme n\u00eb Ur\u00ebn e Dajlanit. M\u00ebsohet se ajo \u00ebsht\u00eb vrar\u00eb nga dy personat pas nj\u00eb sherri banal n\u00eb lidhje me parat\u00eb. Me ta kan\u00eb qen\u00eb edhe tre vajza [&hellip;]<\/p>\n","protected":false},"author":5,"featured_media":63345,"comment_status":"closed","ping_status":"closed","sticky":false,"template":"","format":"standard","meta":{"footnotes":""},"categories":[1,6332],"tags":[25384],"class_list":{"0":"post-63344","1":"post","2":"type-post","3":"status-publish","4":"format-standard","5":"has-post-thumbnail","7":"category-aktualitet","8":"category-te-fundit","9":"tag-emrat-foto-ja-kush-jane-2-personat-qe-vrane-luljeten-tek-ura-e-dajlanit"},"_links":{"self":[{"href":"https:\/\/jugulajm.net\/index.php?rest_route=\/wp\/v2\/posts\/63344","targetHints":{"allow":["GET"]}}],"collection":[{"href":"https:\/\/jugulajm.net\/index.php?rest_route=\/wp\/v2\/posts"}],"about":[{"href":"https:\/\/jugulajm.net\/index.php?rest_route=\/wp\/v2\/types\/post"}],"author":[{"embeddable":true,"href":"https:\/\/jugulajm.net\/index.php?rest_route=\/wp\/v2\/users\/5"}],"replies":[{"embeddable":true,"href":"https:\/\/jugulajm.net\/index.php?rest_route=%2Fwp%2Fv2%2Fcomments&post=63344"}],"version-history":[{"count":0,"href":"https:\/\/jugulajm.net\/index.php?rest_route=\/wp\/v2\/posts\/63344\/revisions"}],"wp:featuredmedia":[{"embeddable":true,"href":"https:\/\/jugulajm.net\/index.php?rest_route=\/wp\/v2\/media\/63345"}],"wp:attachment":[{"href":"https:\/\/jugulajm.net\/index.php?rest_route=%2Fwp%2Fv2%2Fmedia&parent=63344"}],"wp:term":[{"taxonomy":"category","embeddable":true,"href":"https:\/\/jugulajm.net\/index.php?rest_route=%2Fwp%2Fv2%2Fcategories&post=63344"},{"taxonomy":"post_tag","embeddable":true,"href":"https:\/\/jugulajm.net\/index.php?rest_route=%2Fwp%2Fv2%2Ftags&post=63344"}],"curies":[{"name":"wp","href":"https:\/\/api.w.org\/{rel}","templated":true}]}}