{"id":63299,"date":"2023-08-02T19:41:50","date_gmt":"2023-08-02T17:41:50","guid":{"rendered":"https:\/\/jugulajm.net\/?p=63299"},"modified":"2023-08-02T19:43:46","modified_gmt":"2023-08-02T17:43:46","slug":"gazetati-permetar-rrefen-momente-prekese-nga-koha-kur-ishte-ne-burg","status":"publish","type":"post","link":"https:\/\/jugulajm.net\/?p=63299","title":{"rendered":"Gazetari p\u00ebrmetar rr\u00ebfen momentet prek\u00ebse nga koha kur ishte n\u00eb burg"},"content":{"rendered":"<p>Gazetari i njohur p\u00ebrmetar, Bledi Mane, n\u00eb nj\u00eb intervist\u00eb televizive, ka rikujtuar koh\u00ebn kur ai ishte duke vuajtur d\u00ebnimin e tij n\u00eb burgun 313, pasi ishte d\u00ebnuar p\u00ebr pasaporta false.<\/p>\n<p>Teksa ka ndar\u00eb kujtimet e tij t\u00eb bukura dhe t\u00eb trishta, gjat\u00eb vuajtjes s\u00eb d\u00ebnimit mes lot\u00ebsh gazetari i njohur u shpreh se prind\u00ebrit e tij vinin kokulur n\u00eb dyert e burgut 313 edhe gjithmon\u00eb iknin m\u00eb t\u00eb krusur se kurr\u00eb.<\/p>\n<p>\u201c<em>Prind\u00ebrit e mi vinin kokulur n\u00eb dyert e burgut 313 edhe gjithmon\u00eb iknin m\u00eb t\u00eb krusur se kurr\u00eb dhe gjithnj\u00eb e m\u00eb shum\u00eb m\u00eb bluante n\u00eb vetvete kur do vij\u00eb dita q\u00eb k\u00ebta do kthehen edhe nj\u00eb her\u00eb n\u00eb lavdin\u00eb e dikurshme. Fillova t\u2019i b\u00ebja krenar\u00eb edhe atje n\u00eb burg, isha i vetmi i burgosur q\u00eb punoja n\u00eb bibliotek\u00eb, kisha hapur nj\u00eb kurs t\u00eb gjuh\u00ebs shqipe sepse disa t\u00eb rinj rom\u00eb t\u00eb komunitetit rom\u00eb nga Fush\u00eb-Kruja u m\u00ebsoja Abetaren dhe disa t\u00eb tjer\u00eb u m\u00ebsoja anglishten.<\/em><\/p>\n<p><em>Pra edhe koha ime n\u00eb burg nuk ishte nj\u00eb koh\u00eb ku b\u00ebheshin plane djall\u00ebzore p\u00ebr t\u00eb dal\u00eb jasht\u00eb dhe p\u00ebr t\u2019u hakmarr\u00eb.Pra gjithmon\u00eb jam munduar t\u00eb tregohem racional, k\u00ebshtu q\u00eb besoj q\u00eb \u00ebsht\u00eb hera e par\u00eb q\u00eb un\u00eb u premtoj prind\u00ebrve q\u00eb do jem ai djal\u00eb q\u00eb do ndiheni krenar\u00eb. N\u00ebna dhe babai im m\u00eb thon\u00eb gjithmon\u00eb q\u00eb t\u2019i duhet t\u00eb martohesh se u rrite dhe ne nuk vdesim pa u martuar ti. Un\u00eb i them q\u00eb un\u00eb do martohem von\u00eb q\u00eb ju t\u00eb jetoni gjat\u00eb. Un\u00eb nuk e kam zakon q\u00eb t\u00eb qaj n\u00ebp\u00ebr studio televizive, \u00ebsht\u00eb hera e par\u00eb, nuk e di \u00e7far\u00eb m\u00eb keni b\u00ebr\u00eb sot. Nuk kam qar\u00eb as n\u00eb dhom\u00ebn e rr\u00ebfimit n\u00eb \u201cBBV<\/em>\u201d\u201d, rr\u00ebfen Bledi Mane.<\/p>\n","protected":false},"excerpt":{"rendered":"<p>Gazetari i njohur p\u00ebrmetar, Bledi Mane, n\u00eb nj\u00eb intervist\u00eb televizive, ka rikujtuar koh\u00ebn kur ai ishte duke vuajtur d\u00ebnimin e tij n\u00eb burgun 313, pasi ishte d\u00ebnuar p\u00ebr pasaporta false. Teksa ka ndar\u00eb kujtimet e tij t\u00eb bukura dhe t\u00eb trishta, gjat\u00eb vuajtjes s\u00eb d\u00ebnimit mes lot\u00ebsh gazetari i njohur u shpreh se prind\u00ebrit e [&hellip;]<\/p>\n","protected":false},"author":5,"featured_media":55891,"comment_status":"closed","ping_status":"closed","sticky":false,"template":"","format":"standard","meta":{"footnotes":""},"categories":[1,6332],"tags":[12349,25365,21454],"class_list":{"0":"post-63299","1":"post","2":"type-post","3":"status-publish","4":"format-standard","5":"has-post-thumbnail","7":"category-aktualitet","8":"category-te-fundit","9":"tag-bledi-mane","10":"tag-burgu","11":"tag-permet"},"_links":{"self":[{"href":"https:\/\/jugulajm.net\/index.php?rest_route=\/wp\/v2\/posts\/63299","targetHints":{"allow":["GET"]}}],"collection":[{"href":"https:\/\/jugulajm.net\/index.php?rest_route=\/wp\/v2\/posts"}],"about":[{"href":"https:\/\/jugulajm.net\/index.php?rest_route=\/wp\/v2\/types\/post"}],"author":[{"embeddable":true,"href":"https:\/\/jugulajm.net\/index.php?rest_route=\/wp\/v2\/users\/5"}],"replies":[{"embeddable":true,"href":"https:\/\/jugulajm.net\/index.php?rest_route=%2Fwp%2Fv2%2Fcomments&post=63299"}],"version-history":[{"count":0,"href":"https:\/\/jugulajm.net\/index.php?rest_route=\/wp\/v2\/posts\/63299\/revisions"}],"wp:featuredmedia":[{"embeddable":true,"href":"https:\/\/jugulajm.net\/index.php?rest_route=\/wp\/v2\/media\/55891"}],"wp:attachment":[{"href":"https:\/\/jugulajm.net\/index.php?rest_route=%2Fwp%2Fv2%2Fmedia&parent=63299"}],"wp:term":[{"taxonomy":"category","embeddable":true,"href":"https:\/\/jugulajm.net\/index.php?rest_route=%2Fwp%2Fv2%2Fcategories&post=63299"},{"taxonomy":"post_tag","embeddable":true,"href":"https:\/\/jugulajm.net\/index.php?rest_route=%2Fwp%2Fv2%2Ftags&post=63299"}],"curies":[{"name":"wp","href":"https:\/\/api.w.org\/{rel}","templated":true}]}}