{"id":63279,"date":"2023-08-02T13:08:23","date_gmt":"2023-08-02T11:08:23","guid":{"rendered":"https:\/\/jugulajm.net\/?p=63279"},"modified":"2023-08-02T13:08:23","modified_gmt":"2023-08-02T11:08:23","slug":"bie-aksidentalisht-nga-kati-i-4-i-pallatit-humb-jeten-25-vjecari","status":"publish","type":"post","link":"https:\/\/jugulajm.net\/?p=63279","title":{"rendered":"Bie aksidentalisht nga kati i 4 i pallatit, humb jet\u00ebn 25-vje\u00e7ari"},"content":{"rendered":"<p>Nj\u00eb 25-vje\u00e7ar ka r\u00ebn\u00eb aksidentalisht nga kati i kat\u00ebrt i nj\u00eb pallati. P\u00ebr pasoj\u00eb, i riu ka humbur jet\u00ebn. Ngjarja ka ndodhur n\u00eb lagjen nr. 17 n\u00eb qytetin e Durr\u00ebsit.<\/p>\n<p>Sipas deklarimeve t\u00eb familjar\u00ebve, i riu vuante nga probleme t\u00eb sh\u00ebndetit mendor.<\/p>\n<p><em>\u201cParaditen e sotme, n\u00eb lagjen nr.17, Durr\u00ebs, dyshohet se ka r\u00ebn\u00eb aksidentalisht, nga kati i kat\u00ebrt i nj\u00eb pallati, shtetasi A. Th., 25 vje\u00e7 (sipas deklarimeve t\u00eb familjar\u00ebve, vuante nga probleme t\u00eb sh\u00ebndetit mendor). Si pasoj\u00eb, 25-vje\u00e7ari ka humbur jet\u00ebn\u201d,<\/em>\u00a0njoftoi policia.<\/p>\n<p>Nj\u00eb grup hetimor \u00ebsht\u00eb ngritur dhe po vijon pun\u00ebn p\u00ebr zbardhjen e rrethanave t\u00eb k\u00ebsaj ngjarjeje.<\/p>\n","protected":false},"excerpt":{"rendered":"<p>Nj\u00eb 25-vje\u00e7ar ka r\u00ebn\u00eb aksidentalisht nga kati i kat\u00ebrt i nj\u00eb pallati. P\u00ebr pasoj\u00eb, i riu ka humbur jet\u00ebn. Ngjarja ka ndodhur n\u00eb lagjen nr. 17 n\u00eb qytetin e Durr\u00ebsit. Sipas deklarimeve t\u00eb familjar\u00ebve, i riu vuante nga probleme t\u00eb sh\u00ebndetit mendor. \u201cParaditen e sotme, n\u00eb lagjen nr.17, Durr\u00ebs, dyshohet se ka r\u00ebn\u00eb aksidentalisht, nga [&hellip;]<\/p>\n","protected":false},"author":5,"featured_media":52254,"comment_status":"closed","ping_status":"closed","sticky":false,"template":"","format":"standard","meta":{"footnotes":""},"categories":[1,6332],"tags":[25356,25357],"class_list":{"0":"post-63279","1":"post","2":"type-post","3":"status-publish","4":"format-standard","5":"has-post-thumbnail","7":"category-aktualitet","8":"category-te-fundit","9":"tag-bie-aksidentalisht-nga-kati-i-4-i-pallatit","10":"tag-humb-jeten-25-vjecari"},"_links":{"self":[{"href":"https:\/\/jugulajm.net\/index.php?rest_route=\/wp\/v2\/posts\/63279","targetHints":{"allow":["GET"]}}],"collection":[{"href":"https:\/\/jugulajm.net\/index.php?rest_route=\/wp\/v2\/posts"}],"about":[{"href":"https:\/\/jugulajm.net\/index.php?rest_route=\/wp\/v2\/types\/post"}],"author":[{"embeddable":true,"href":"https:\/\/jugulajm.net\/index.php?rest_route=\/wp\/v2\/users\/5"}],"replies":[{"embeddable":true,"href":"https:\/\/jugulajm.net\/index.php?rest_route=%2Fwp%2Fv2%2Fcomments&post=63279"}],"version-history":[{"count":0,"href":"https:\/\/jugulajm.net\/index.php?rest_route=\/wp\/v2\/posts\/63279\/revisions"}],"wp:featuredmedia":[{"embeddable":true,"href":"https:\/\/jugulajm.net\/index.php?rest_route=\/wp\/v2\/media\/52254"}],"wp:attachment":[{"href":"https:\/\/jugulajm.net\/index.php?rest_route=%2Fwp%2Fv2%2Fmedia&parent=63279"}],"wp:term":[{"taxonomy":"category","embeddable":true,"href":"https:\/\/jugulajm.net\/index.php?rest_route=%2Fwp%2Fv2%2Fcategories&post=63279"},{"taxonomy":"post_tag","embeddable":true,"href":"https:\/\/jugulajm.net\/index.php?rest_route=%2Fwp%2Fv2%2Ftags&post=63279"}],"curies":[{"name":"wp","href":"https:\/\/api.w.org\/{rel}","templated":true}]}}