{"id":63264,"date":"2023-08-02T08:12:53","date_gmt":"2023-08-02T06:12:53","guid":{"rendered":"https:\/\/jugulajm.net\/?p=63264"},"modified":"2023-08-02T08:12:53","modified_gmt":"2023-08-02T06:12:53","slug":"lajm-i-fundit-45-vjecari-vetevritet-me-arme-zjarri","status":"publish","type":"post","link":"https:\/\/jugulajm.net\/?p=63264","title":{"rendered":"LAJM I FUNDIT\/ 45-vje\u00e7ari vet\u00ebvritet me arm\u00eb zjarri"},"content":{"rendered":"<p>Nj\u00eb ngjarje e r\u00ebnd\u00eb ka ndodhur n\u00eb Tiran\u00eb, ku dyshohet se 45-vje\u00e7ari me inicialet M.L \u00ebsht\u00eb vet\u00ebvrar\u00eb me arm\u00eb zjarri.<\/p>\n<p>Ngjarja ka ndodhur pak minuta para mesnat\u00ebs s\u00eb mbr\u00ebmshme, nd\u00ebrsa b\u00ebhet me dije se 45-vje\u00e7ari ka qen\u00eb menaxher i siguris\u00eb s\u00eb nj\u00eb kompanie.<\/p>\n<p><strong>Njoftimi i Policis\u00eb:<\/strong><\/p>\n<p>Tiran\u00eb\/Informacion paraprak<\/p>\n<p>M\u00eb dat\u00eb 01.08.2023, rreth or\u00ebs 23:15, te qendra tregtare Teg, shtetasi M. L., 45 vje\u00e7, (menaxheri i siguris\u00eb s\u00eb kompanis\u00eb Acrem q\u00eb menaxhon sigurin\u00eb e TEG), dyshohet se \u00ebsht\u00eb vet\u00ebvrar\u00eb me arm\u00eb zjarri.<\/p>\n<p>Grupi hetimor ndodhet n\u00eb vendngjarje dhe po punon p\u00ebr sqarimin e rrethanave t\u00eb ngjarjes.<\/p>\n","protected":false},"excerpt":{"rendered":"<p>Nj\u00eb ngjarje e r\u00ebnd\u00eb ka ndodhur n\u00eb Tiran\u00eb, ku dyshohet se 45-vje\u00e7ari me inicialet M.L \u00ebsht\u00eb vet\u00ebvrar\u00eb me arm\u00eb zjarri. Ngjarja ka ndodhur pak minuta para mesnat\u00ebs s\u00eb mbr\u00ebmshme, nd\u00ebrsa b\u00ebhet me dije se 45-vje\u00e7ari ka qen\u00eb menaxher i siguris\u00eb s\u00eb nj\u00eb kompanie. Njoftimi i Policis\u00eb: Tiran\u00eb\/Informacion paraprak M\u00eb dat\u00eb 01.08.2023, rreth or\u00ebs 23:15, te [&hellip;]<\/p>\n","protected":false},"author":5,"featured_media":51900,"comment_status":"closed","ping_status":"closed","sticky":false,"template":"","format":"standard","meta":{"footnotes":""},"categories":[1,6332],"tags":[25349],"class_list":{"0":"post-63264","1":"post","2":"type-post","3":"status-publish","4":"format-standard","5":"has-post-thumbnail","7":"category-aktualitet","8":"category-te-fundit","9":"tag-lajm-i-fundit-45-vjecari-vetevritet-me-arme-zjarri"},"_links":{"self":[{"href":"https:\/\/jugulajm.net\/index.php?rest_route=\/wp\/v2\/posts\/63264","targetHints":{"allow":["GET"]}}],"collection":[{"href":"https:\/\/jugulajm.net\/index.php?rest_route=\/wp\/v2\/posts"}],"about":[{"href":"https:\/\/jugulajm.net\/index.php?rest_route=\/wp\/v2\/types\/post"}],"author":[{"embeddable":true,"href":"https:\/\/jugulajm.net\/index.php?rest_route=\/wp\/v2\/users\/5"}],"replies":[{"embeddable":true,"href":"https:\/\/jugulajm.net\/index.php?rest_route=%2Fwp%2Fv2%2Fcomments&post=63264"}],"version-history":[{"count":0,"href":"https:\/\/jugulajm.net\/index.php?rest_route=\/wp\/v2\/posts\/63264\/revisions"}],"wp:featuredmedia":[{"embeddable":true,"href":"https:\/\/jugulajm.net\/index.php?rest_route=\/wp\/v2\/media\/51900"}],"wp:attachment":[{"href":"https:\/\/jugulajm.net\/index.php?rest_route=%2Fwp%2Fv2%2Fmedia&parent=63264"}],"wp:term":[{"taxonomy":"category","embeddable":true,"href":"https:\/\/jugulajm.net\/index.php?rest_route=%2Fwp%2Fv2%2Fcategories&post=63264"},{"taxonomy":"post_tag","embeddable":true,"href":"https:\/\/jugulajm.net\/index.php?rest_route=%2Fwp%2Fv2%2Ftags&post=63264"}],"curies":[{"name":"wp","href":"https:\/\/api.w.org\/{rel}","templated":true}]}}