{"id":63234,"date":"2023-08-01T14:13:32","date_gmt":"2023-08-01T12:13:32","guid":{"rendered":"https:\/\/jugulajm.net\/?p=63234"},"modified":"2023-08-01T14:18:28","modified_gmt":"2023-08-01T12:18:28","slug":"sherr-ne-plazh-plagosen-me-thike-babe-e-bir","status":"publish","type":"post","link":"https:\/\/jugulajm.net\/?p=63234","title":{"rendered":"Ngjarje n\u00eb plazh\/ 43-vje\u00e7ari plagos me bi\u00e7ak bab\u00eb e bir"},"content":{"rendered":"<p>Dy persona, bab\u00eb e bir, jan\u00eb plagosur me bi\u00e7ak k\u00ebt\u00eb t\u00eb mart\u00eb n\u00eb plazhin e Divjak\u00ebs, n\u00eb vazhd\u00ebn e nj\u00eb konflikti me nj\u00eb tjet\u00ebr person.<\/p>\n<p>Autori \u00ebsht\u00eb arrestuar, nd\u00ebrsa sherri mes pal\u00ebve, sipas policis\u00eb, ndodhi p\u00ebr \u201cmotive t\u00eb dob\u00ebta\u201d.<\/p>\n<p><em>\u201cRreth or\u00ebs 12:30, n\u00eb plazhin e Divjak\u00ebs, pas nj\u00eb konflikti p\u00ebr motive t\u00eb dob\u00ebta, shtetasi A.V., 43 vje\u00e7, ka plagosur me mjet prer\u00ebs (bi\u00e7ak) shtetasin R K., 45 vje\u00e7 dhe djalin e tij 18 vje\u00e7, t\u00eb cil\u00ebt ndodhen n\u00eb spital, n\u00eb kujdesin e mjek\u00ebve. <\/em><\/p>\n<p><em>\u00cbsht\u00eb b\u00ebr\u00eb e mundur kapja e menj\u00ebhershme dhe shoq\u00ebrimi n\u00eb ambientet e Komisariatit t\u00eb Policis\u00eb Divjak\u00eb, i shtetasit A.V., me q\u00ebllim kryerjen e veprimeve t\u00eb m\u00ebtejshme procedurale. Grupi hetimor n\u00eb bashk\u00ebpunim me Prokurorin\u00eb vijon pun\u00ebn p\u00ebr zbardhjen e plot\u00eb t\u00eb rrethanave t\u00eb k\u00ebsaj ngjarjeje\u201d<\/em>, thuhet n\u00eb njoftimin e policis\u00eb.<\/p>\n","protected":false},"excerpt":{"rendered":"<p>Dy persona, bab\u00eb e bir, jan\u00eb plagosur me bi\u00e7ak k\u00ebt\u00eb t\u00eb mart\u00eb n\u00eb plazhin e Divjak\u00ebs, n\u00eb vazhd\u00ebn e nj\u00eb konflikti me nj\u00eb tjet\u00ebr person. Autori \u00ebsht\u00eb arrestuar, nd\u00ebrsa sherri mes pal\u00ebve, sipas policis\u00eb, ndodhi p\u00ebr \u201cmotive t\u00eb dob\u00ebta\u201d. \u201cRreth or\u00ebs 12:30, n\u00eb plazhin e Divjak\u00ebs, pas nj\u00eb konflikti p\u00ebr motive t\u00eb dob\u00ebta, shtetasi A.V., [&hellip;]<\/p>\n","protected":false},"author":5,"featured_media":51534,"comment_status":"closed","ping_status":"closed","sticky":false,"template":"","format":"standard","meta":{"footnotes":""},"categories":[1,6332],"tags":[25336],"class_list":{"0":"post-63234","1":"post","2":"type-post","3":"status-publish","4":"format-standard","5":"has-post-thumbnail","7":"category-aktualitet","8":"category-te-fundit","9":"tag-ngjarje-ne-plazh-43-vjecari-plagos-me-bicak-babe-e-bir"},"_links":{"self":[{"href":"https:\/\/jugulajm.net\/index.php?rest_route=\/wp\/v2\/posts\/63234","targetHints":{"allow":["GET"]}}],"collection":[{"href":"https:\/\/jugulajm.net\/index.php?rest_route=\/wp\/v2\/posts"}],"about":[{"href":"https:\/\/jugulajm.net\/index.php?rest_route=\/wp\/v2\/types\/post"}],"author":[{"embeddable":true,"href":"https:\/\/jugulajm.net\/index.php?rest_route=\/wp\/v2\/users\/5"}],"replies":[{"embeddable":true,"href":"https:\/\/jugulajm.net\/index.php?rest_route=%2Fwp%2Fv2%2Fcomments&post=63234"}],"version-history":[{"count":0,"href":"https:\/\/jugulajm.net\/index.php?rest_route=\/wp\/v2\/posts\/63234\/revisions"}],"wp:featuredmedia":[{"embeddable":true,"href":"https:\/\/jugulajm.net\/index.php?rest_route=\/wp\/v2\/media\/51534"}],"wp:attachment":[{"href":"https:\/\/jugulajm.net\/index.php?rest_route=%2Fwp%2Fv2%2Fmedia&parent=63234"}],"wp:term":[{"taxonomy":"category","embeddable":true,"href":"https:\/\/jugulajm.net\/index.php?rest_route=%2Fwp%2Fv2%2Fcategories&post=63234"},{"taxonomy":"post_tag","embeddable":true,"href":"https:\/\/jugulajm.net\/index.php?rest_route=%2Fwp%2Fv2%2Ftags&post=63234"}],"curies":[{"name":"wp","href":"https:\/\/api.w.org\/{rel}","templated":true}]}}