{"id":63137,"date":"2023-07-30T14:33:54","date_gmt":"2023-07-30T12:33:54","guid":{"rendered":"https:\/\/jugulajm.net\/?p=63137"},"modified":"2023-07-30T14:33:54","modified_gmt":"2023-07-30T12:33:54","slug":"balla-shkarkon-truprojen-e-nikolles-qe-qelloi-me-arme-ndaj-komshinjve","status":"publish","type":"post","link":"https:\/\/jugulajm.net\/?p=63137","title":{"rendered":"Balla shkarkon truprojen e Nikoll\u00ebs, q\u00eb q\u00eblloi me arm\u00eb ndaj komshinjve"},"content":{"rendered":"<p>Me urdh\u00ebr t\u00eb ministrit t\u00eb Brendsh\u00ebm Taulant Balla, Martin Nikolla, i cili u p\u00ebrfshi sot n\u00eb nj\u00eb sherr me familjen Ka\u00e7i n\u00eb Durr\u00ebs, ndaj t\u00eb cil\u00ebve q\u00eblloi dhe me arm\u00eb n\u00eb aj\u00ebr, \u00ebsht\u00eb p\u00ebrjashtuar nga radh\u00ebt e Gard\u00ebs s\u00eb Republik\u00ebs.<\/p>\n<p>Nikolla ishte shoq\u00ebrues i kryetares s\u00eb parlamentit Lindita Nikolla, nd\u00ebrkoh\u00eb q\u00eb gjat\u00eb dit\u00ebs s\u00eb sotme ai ka q\u00eblluar n\u00eb drejtim t\u00eb komshinjve, me t\u00eb cil\u00ebt ishte n\u00eb konflikt prej vitesh, me arm\u00ebn e sh\u00ebrbimit.<\/p>\n<p>Ministria e Brendshme deklaron po ashtu se gardisti i shkarkuar \u00ebsht\u00eb ndaluar tashm\u00eb nga Policia.<\/p>\n<p><strong>Njoftimi i Ministris\u00eb s\u00eb Brendshme:\u00a0<\/strong><\/p>\n<p><em>Garda e Republik\u00ebs \u00ebsht\u00eb informuar nga Drejtoria Vendore e Policis\u00eb Durr\u00ebs mbi p\u00ebrfshirjen e nj\u00eb efektivi t\u00eb Gard\u00ebs n\u00eb nj\u00eb incident t\u00eb dhunsh\u00ebm, n\u00eb Hamallaj, ku dyshohet se inspektori M.N., ka p\u00ebrdorur edhe arm\u00ebn e sh\u00ebrbimit.<\/em><\/p>\n<p><em>Me urdh\u00ebr t\u00eb Ministrit t\u00eb Brendsh\u00ebm \u00ebsht\u00eb b\u00ebr\u00eb p\u00ebrjashtimi i menj\u00ebhersh\u00ebm i k\u00ebtij punonj\u00ebsi, nga radh\u00ebt e Gard\u00ebs s\u00eb Republik\u00ebs.<\/em><\/p>\n<p><em>Nd\u00ebrkoh\u00eb Policia e Shtetit ka b\u00ebr\u00eb ndalimin e tij.<\/em><\/p>\n<p>Martin Nikolla s\u00eb bashku me v\u00ebllez\u00ebrit e tij dhunuan Pjet\u00ebr Ka\u00e7in, 80 vje\u00e7 dhe 3 djemt\u00eb e tij, p\u00ebr shkak t\u00eb nj\u00eb konflikti prone q\u00eb vijon prej disa vitesh mes dy familjeve.<\/p>\n","protected":false},"excerpt":{"rendered":"<p>Me urdh\u00ebr t\u00eb ministrit t\u00eb Brendsh\u00ebm Taulant Balla, Martin Nikolla, i cili u p\u00ebrfshi sot n\u00eb nj\u00eb sherr me familjen Ka\u00e7i n\u00eb Durr\u00ebs, ndaj t\u00eb cil\u00ebve q\u00eblloi dhe me arm\u00eb n\u00eb aj\u00ebr, \u00ebsht\u00eb p\u00ebrjashtuar nga radh\u00ebt e Gard\u00ebs s\u00eb Republik\u00ebs. Nikolla ishte shoq\u00ebrues i kryetares s\u00eb parlamentit Lindita Nikolla, nd\u00ebrkoh\u00eb q\u00eb gjat\u00eb dit\u00ebs s\u00eb sotme [&hellip;]<\/p>\n","protected":false},"author":5,"featured_media":62844,"comment_status":"closed","ping_status":"closed","sticky":false,"template":"","format":"standard","meta":{"footnotes":""},"categories":[1,6332],"tags":[25277,25278],"class_list":{"0":"post-63137","1":"post","2":"type-post","3":"status-publish","4":"format-standard","5":"has-post-thumbnail","7":"category-aktualitet","8":"category-te-fundit","9":"tag-balla-shkarkon-truprojen-e-nikolles","10":"tag-qe-qelloi-me-arme-ndaj-komshinjve"},"_links":{"self":[{"href":"https:\/\/jugulajm.net\/index.php?rest_route=\/wp\/v2\/posts\/63137","targetHints":{"allow":["GET"]}}],"collection":[{"href":"https:\/\/jugulajm.net\/index.php?rest_route=\/wp\/v2\/posts"}],"about":[{"href":"https:\/\/jugulajm.net\/index.php?rest_route=\/wp\/v2\/types\/post"}],"author":[{"embeddable":true,"href":"https:\/\/jugulajm.net\/index.php?rest_route=\/wp\/v2\/users\/5"}],"replies":[{"embeddable":true,"href":"https:\/\/jugulajm.net\/index.php?rest_route=%2Fwp%2Fv2%2Fcomments&post=63137"}],"version-history":[{"count":0,"href":"https:\/\/jugulajm.net\/index.php?rest_route=\/wp\/v2\/posts\/63137\/revisions"}],"wp:featuredmedia":[{"embeddable":true,"href":"https:\/\/jugulajm.net\/index.php?rest_route=\/wp\/v2\/media\/62844"}],"wp:attachment":[{"href":"https:\/\/jugulajm.net\/index.php?rest_route=%2Fwp%2Fv2%2Fmedia&parent=63137"}],"wp:term":[{"taxonomy":"category","embeddable":true,"href":"https:\/\/jugulajm.net\/index.php?rest_route=%2Fwp%2Fv2%2Fcategories&post=63137"},{"taxonomy":"post_tag","embeddable":true,"href":"https:\/\/jugulajm.net\/index.php?rest_route=%2Fwp%2Fv2%2Ftags&post=63137"}],"curies":[{"name":"wp","href":"https:\/\/api.w.org\/{rel}","templated":true}]}}