{"id":63120,"date":"2023-07-30T11:42:11","date_gmt":"2023-07-30T09:42:11","guid":{"rendered":"https:\/\/jugulajm.net\/?p=63120"},"modified":"2023-07-30T11:42:39","modified_gmt":"2023-07-30T09:42:39","slug":"foto-detaje-nga-vetevrasja-gjergj-mullalli-qelloi-me-arme-ndaj-uniformave-blu-dhe-me-pas-vrau-veten","status":"publish","type":"post","link":"https:\/\/jugulajm.net\/?p=63120","title":{"rendered":"(FOTO) Detaje nga vet\u00ebvrasja\/ Gjergj Mullalli q\u00eblloi me arm\u00eb ndaj uniformave blu dhe m\u00eb pas vrau veten"},"content":{"rendered":"<p>Policia jep detaje rreth vet\u00ebvrasjes s\u00eb Gjergj Mullalli, burrit q\u00eb vrau gruan, Luiza Mullalli 46 vje\u00e7e dhe q\u00eb m\u00eb pas e hodhi n\u00eb grop\u00ebn septike.<\/p>\n<p><strong>Maliq\/Informacion shtes\u00eb<\/strong><\/p>\n<p>Pas k\u00ebrkimeve t\u00eb pand\u00ebrprera dhe kontrollit t\u00eb territorit me q\u00ebllim kapjen e shtetasit Gj. M., i cili nj\u00eb dit\u00eb m\u00eb par\u00eb vrau me arm\u00eb zjarri bashk\u00ebshorten e tij, sh\u00ebrbimet e Policis\u00eb t\u00eb DVP Kor\u00e7\u00eb dhe Komisariatit t\u00eb Policis\u00eb Maliq b\u00ebn\u00eb t\u00eb mundur lokalizimin n\u00eb nj\u00eb banes\u00eb t\u00eb braktisur, n\u00eb fshatin Z\u00ebmblak, t\u00eb k\u00ebtij shtetasi.<\/p>\n<p>Sapo ka konstatuar se ka qen\u00eb i rrethuar nga forcat e Policis\u00eb 55-vje\u00e7ari, ka hapur disa her\u00eb zjarr ndaj punonj\u00ebsve t\u00eb Policis\u00eb.<\/p>\n<div>\n<p>Pas thirrjeve t\u00eb nj\u00ebpasnj\u00ebshme t\u00eb\u00a0 Policis\u00eb p\u00ebr t\u2019u dor\u00ebzuar, ky shtetas \u00ebsht\u00eb vet\u00ebvrar\u00eb.<\/p>\n<\/div>\n<p>Grupi hetimor ndodhet n\u00eb vendngjarje p\u00ebr t\u00eb kryer veprime t\u00eb m\u00ebtejshme n\u00eb lidhje me k\u00ebt\u00eb ngjarje.<img decoding=\"async\" src=\"https:\/\/www.noa.al\/newsImages\/2023\/07\/vetvrasja.jpg\" \/><\/p>\n","protected":false},"excerpt":{"rendered":"<p>Policia jep detaje rreth vet\u00ebvrasjes s\u00eb Gjergj Mullalli, burrit q\u00eb vrau gruan, Luiza Mullalli 46 vje\u00e7e dhe q\u00eb m\u00eb pas e hodhi n\u00eb grop\u00ebn septike. Maliq\/Informacion shtes\u00eb Pas k\u00ebrkimeve t\u00eb pand\u00ebrprera dhe kontrollit t\u00eb territorit me q\u00ebllim kapjen e shtetasit Gj. M., i cili nj\u00eb dit\u00eb m\u00eb par\u00eb vrau me arm\u00eb zjarri bashk\u00ebshorten e tij, [&hellip;]<\/p>\n","protected":false},"author":5,"featured_media":63121,"comment_status":"closed","ping_status":"closed","sticky":false,"template":"","format":"standard","meta":{"footnotes":""},"categories":[1,6332],"tags":[25268],"class_list":{"0":"post-63120","1":"post","2":"type-post","3":"status-publish","4":"format-standard","5":"has-post-thumbnail","7":"category-aktualitet","8":"category-te-fundit","9":"tag-foto-detaje-nga-vetevrasja-gjergj-mullalli-qelloi-me-arme-ndaj-uniformave-blu-dhe-me-pas-vrau-veten"},"_links":{"self":[{"href":"https:\/\/jugulajm.net\/index.php?rest_route=\/wp\/v2\/posts\/63120","targetHints":{"allow":["GET"]}}],"collection":[{"href":"https:\/\/jugulajm.net\/index.php?rest_route=\/wp\/v2\/posts"}],"about":[{"href":"https:\/\/jugulajm.net\/index.php?rest_route=\/wp\/v2\/types\/post"}],"author":[{"embeddable":true,"href":"https:\/\/jugulajm.net\/index.php?rest_route=\/wp\/v2\/users\/5"}],"replies":[{"embeddable":true,"href":"https:\/\/jugulajm.net\/index.php?rest_route=%2Fwp%2Fv2%2Fcomments&post=63120"}],"version-history":[{"count":0,"href":"https:\/\/jugulajm.net\/index.php?rest_route=\/wp\/v2\/posts\/63120\/revisions"}],"wp:featuredmedia":[{"embeddable":true,"href":"https:\/\/jugulajm.net\/index.php?rest_route=\/wp\/v2\/media\/63121"}],"wp:attachment":[{"href":"https:\/\/jugulajm.net\/index.php?rest_route=%2Fwp%2Fv2%2Fmedia&parent=63120"}],"wp:term":[{"taxonomy":"category","embeddable":true,"href":"https:\/\/jugulajm.net\/index.php?rest_route=%2Fwp%2Fv2%2Fcategories&post=63120"},{"taxonomy":"post_tag","embeddable":true,"href":"https:\/\/jugulajm.net\/index.php?rest_route=%2Fwp%2Fv2%2Ftags&post=63120"}],"curies":[{"name":"wp","href":"https:\/\/api.w.org\/{rel}","templated":true}]}}