{"id":63080,"date":"2023-07-29T17:56:28","date_gmt":"2023-07-29T15:56:28","guid":{"rendered":"https:\/\/jugulajm.net\/?p=63080"},"modified":"2023-07-29T17:56:28","modified_gmt":"2023-07-29T15:56:28","slug":"emri-boksieri-shqiptar-16-vjecar-kualifikohet-ne-finalen-e-kampionatit-europian","status":"publish","type":"post","link":"https:\/\/jugulajm.net\/?p=63080","title":{"rendered":"EMRI\/ Boksieri shqiptar 16 vje\u00e7ar kualifikohet n\u00eb finalen e Kampionatit Europian"},"content":{"rendered":"<p>Boksieri Ahmed Ko\u00e7i, u kualifikua p\u00ebr n\u00eb finalen e Kampionatit Europian U16 duke qen\u00eb pretendent p\u00ebr triumfin maksimal n\u00eb kontinent.<\/p>\n<p>Sportisti kuqezi fitoi me merit\u00eb gjysm\u00ebfinalen ndaj rivalit Tarik Kunovac nga Bosnj\u00eb-Hercegovina dhe siguroi t\u00eb pakt\u00ebn medaljen e argjentit n\u00eb kampionation q\u00eb po zhvillohet n\u00eb Ploeshti t\u00eb Rumanis\u00eb.<\/p>\n<p>Kjo ishte fitorja e tij e tret\u00eb dhe tregon klasin e lart\u00eb dhe p\u00ebrgatitjen shum\u00eb t\u00eb mir\u00eb q\u00eb ai ka b\u00ebr\u00eb p\u00ebr k\u00ebt\u00eb Europian.<\/p>\n<p>N\u00eb \u00e7erekfinale, boksieri 16-vje\u00e7ar i siguroi vendit ton\u00eb t\u00eb pakt\u00ebn medaljen e bronzit.<\/p>\n","protected":false},"excerpt":{"rendered":"<p>Boksieri Ahmed Ko\u00e7i, u kualifikua p\u00ebr n\u00eb finalen e Kampionatit Europian U16 duke qen\u00eb pretendent p\u00ebr triumfin maksimal n\u00eb kontinent. Sportisti kuqezi fitoi me merit\u00eb gjysm\u00ebfinalen ndaj rivalit Tarik Kunovac nga Bosnj\u00eb-Hercegovina dhe siguroi t\u00eb pakt\u00ebn medaljen e argjentit n\u00eb kampionation q\u00eb po zhvillohet n\u00eb Ploeshti t\u00eb Rumanis\u00eb. Kjo ishte fitorja e tij e tret\u00eb [&hellip;]<\/p>\n","protected":false},"author":5,"featured_media":63081,"comment_status":"closed","ping_status":"closed","sticky":false,"template":"","format":"standard","meta":{"footnotes":""},"categories":[6334,6332],"tags":[25250],"class_list":{"0":"post-63080","1":"post","2":"type-post","3":"status-publish","4":"format-standard","5":"has-post-thumbnail","7":"category-sport","8":"category-te-fundit","9":"tag-emri-boksieri-shqiptar-16-vjecar-kualifikohet-ne-finalen-e-kampionatit-europian"},"_links":{"self":[{"href":"https:\/\/jugulajm.net\/index.php?rest_route=\/wp\/v2\/posts\/63080","targetHints":{"allow":["GET"]}}],"collection":[{"href":"https:\/\/jugulajm.net\/index.php?rest_route=\/wp\/v2\/posts"}],"about":[{"href":"https:\/\/jugulajm.net\/index.php?rest_route=\/wp\/v2\/types\/post"}],"author":[{"embeddable":true,"href":"https:\/\/jugulajm.net\/index.php?rest_route=\/wp\/v2\/users\/5"}],"replies":[{"embeddable":true,"href":"https:\/\/jugulajm.net\/index.php?rest_route=%2Fwp%2Fv2%2Fcomments&post=63080"}],"version-history":[{"count":0,"href":"https:\/\/jugulajm.net\/index.php?rest_route=\/wp\/v2\/posts\/63080\/revisions"}],"wp:featuredmedia":[{"embeddable":true,"href":"https:\/\/jugulajm.net\/index.php?rest_route=\/wp\/v2\/media\/63081"}],"wp:attachment":[{"href":"https:\/\/jugulajm.net\/index.php?rest_route=%2Fwp%2Fv2%2Fmedia&parent=63080"}],"wp:term":[{"taxonomy":"category","embeddable":true,"href":"https:\/\/jugulajm.net\/index.php?rest_route=%2Fwp%2Fv2%2Fcategories&post=63080"},{"taxonomy":"post_tag","embeddable":true,"href":"https:\/\/jugulajm.net\/index.php?rest_route=%2Fwp%2Fv2%2Ftags&post=63080"}],"curies":[{"name":"wp","href":"https:\/\/api.w.org\/{rel}","templated":true}]}}