{"id":63074,"date":"2023-07-29T15:58:01","date_gmt":"2023-07-29T13:58:01","guid":{"rendered":"https:\/\/jugulajm.net\/?p=63074"},"modified":"2023-07-29T15:58:01","modified_gmt":"2023-07-29T13:58:01","slug":"emrat-pranga-ish-policit-dhe-nje-28-vjecari-per-kultivim-narkotikesh-ne-kerkim-nje-tjeter-ish-efektiv-policie","status":"publish","type":"post","link":"https:\/\/jugulajm.net\/?p=63074","title":{"rendered":"EMRAT\/ Pranga ish-policit dhe nj\u00eb 28-vje\u00e7ari p\u00ebr kultivim narkotik\u00ebsh, n\u00eb k\u00ebrkim nj\u00eb tjet\u00ebr ish-efektiv policie"},"content":{"rendered":"<p>Arrestohet nj\u00eb ish-polic i Lezh\u00ebs dhe shpallet n\u00eb k\u00ebrkim nj\u00eb tjet\u00ebr. Urdh\u00ebr-arrest u l\u00ebshua dhe p\u00ebr nj\u00eb tjet\u00ebr ish-efektiv dhe nj\u00eb 30-vje\u00e7ar.<\/p>\n<p><strong>Njoftimi i policise:<\/strong><\/p>\n<p>Pas nj\u00eb hetimi 2-vje\u00e7ar, me metoda speciale hetimi, Agjencia e Mbik\u00ebqyrjes Policore (Rajoni Shkod\u00ebr \u2013 Lezh\u00eb) n\u00eb bashk\u00ebpunim me Prokurorin\u00eb Pran\u00eb Gjykat\u00ebs s\u00eb Shkall\u00ebs s\u00eb Par\u00eb t\u00eb Juridiksionit t\u00eb P\u00ebrgjithsh\u00ebm Lezh\u00eb dhe Drejtorin\u00eb Vendore t\u00eb Policis\u00eb Lezh\u00eb dhe Drejtorin\u00eb Vendore t\u00eb Policis\u00eb Tiran\u00eb, n\u00eb funksion t\u00eb procedimit p\u00ebr veprat penale t\u00eb \u201cKultivimit t\u00eb bim\u00ebve narkotike\u201d dhe \u201cShp\u00ebrdorimit t\u00eb detyr\u00ebs\u201d, ka ekzekutuar vendimin e Gjykat\u00ebs s\u00eb Shkall\u00ebs s\u00eb Par\u00eb t\u00eb Juridiksionit t\u00eb P\u00ebrgjithsh\u00ebm Lezh\u00eb, e cila ka caktuar mas\u00ebn e siguris\u00eb \u201cArrest me burg\u201d p\u00ebr 4 persona:<\/p>\n<p>\u2013 Serxhio Xhamalloti, 27 vje\u00e7, ish-punonj\u00ebs policie me detyr\u00eb Patrull\u00eb e P\u00ebrgjithshme n\u00eb Komisariatin e Policis\u00eb Lezh\u00eb, i dyshuar p\u00ebr kryerjen e vepr\u00ebs penale \u201cShp\u00ebrdorim detyre\u201d;<\/p>\n<p>\u2013 Klisman Nikolli, 28 vje\u00e7 ish-punonj\u00ebs policie me detyr\u00eb Patrull\u00eb e P\u00ebrgjithshme n\u00eb Komisariatin e Policis\u00eb Lezh\u00eb, i dyshuar p\u00ebr kryerjen e vepr\u00ebs penale \u201cShp\u00ebrdorim detyre\u201d;<\/p>\n<p>\u2013 Klajdi Luka, 28 vje\u00e7, i dyshuar p\u00ebr kryerjen e vepr\u00ebs penale \u201cKultivim t\u00eb bim\u00ebve narkotike\u201d;<\/p>\n<p>\u2013 Eduart \u00c7arku, 30 vje\u00e7, i dyshuar p\u00ebr kryerjen e vepr\u00ebs penale \u201cKultivim t\u00eb bim\u00ebve narkotike\u201d.<\/p>\n<p>Nga operacioni i zhvilluar p\u00ebr ekzekutimin e masave t\u00eb siguris\u00eb u b\u00eb e mundur kapja dhe arrestimi i ish-punonj\u00ebsit t\u00eb policis\u00eb Serxhio Xhamalloti dhe shtetasit Klajdi Luka.<\/p>\n<p>Nd\u00ebrsa u shpall\u00ebn n\u00eb k\u00ebrkim ish-punonj\u00ebsi i policis\u00eb Klisman Nikolli dhe shtetasi Eduart \u00c7arku.<\/p>\n","protected":false},"excerpt":{"rendered":"<p>Arrestohet nj\u00eb ish-polic i Lezh\u00ebs dhe shpallet n\u00eb k\u00ebrkim nj\u00eb tjet\u00ebr. Urdh\u00ebr-arrest u l\u00ebshua dhe p\u00ebr nj\u00eb tjet\u00ebr ish-efektiv dhe nj\u00eb 30-vje\u00e7ar. Njoftimi i policise: Pas nj\u00eb hetimi 2-vje\u00e7ar, me metoda speciale hetimi, Agjencia e Mbik\u00ebqyrjes Policore (Rajoni Shkod\u00ebr \u2013 Lezh\u00eb) n\u00eb bashk\u00ebpunim me Prokurorin\u00eb Pran\u00eb Gjykat\u00ebs s\u00eb Shkall\u00ebs s\u00eb Par\u00eb t\u00eb Juridiksionit t\u00eb P\u00ebrgjithsh\u00ebm [&hellip;]<\/p>\n","protected":false},"author":5,"featured_media":55421,"comment_status":"closed","ping_status":"closed","sticky":false,"template":"","format":"standard","meta":{"footnotes":""},"categories":[1,6332],"tags":[25247,25248],"class_list":{"0":"post-63074","1":"post","2":"type-post","3":"status-publish","4":"format-standard","5":"has-post-thumbnail","7":"category-aktualitet","8":"category-te-fundit","9":"tag-emrat-pranga-ish-policit-dhe-nje-28-vjecari-per-kultivim-narkotikesh","10":"tag-ne-kerkim-nje-tjeter-ish-efektiv-policie"},"_links":{"self":[{"href":"https:\/\/jugulajm.net\/index.php?rest_route=\/wp\/v2\/posts\/63074","targetHints":{"allow":["GET"]}}],"collection":[{"href":"https:\/\/jugulajm.net\/index.php?rest_route=\/wp\/v2\/posts"}],"about":[{"href":"https:\/\/jugulajm.net\/index.php?rest_route=\/wp\/v2\/types\/post"}],"author":[{"embeddable":true,"href":"https:\/\/jugulajm.net\/index.php?rest_route=\/wp\/v2\/users\/5"}],"replies":[{"embeddable":true,"href":"https:\/\/jugulajm.net\/index.php?rest_route=%2Fwp%2Fv2%2Fcomments&post=63074"}],"version-history":[{"count":0,"href":"https:\/\/jugulajm.net\/index.php?rest_route=\/wp\/v2\/posts\/63074\/revisions"}],"wp:featuredmedia":[{"embeddable":true,"href":"https:\/\/jugulajm.net\/index.php?rest_route=\/wp\/v2\/media\/55421"}],"wp:attachment":[{"href":"https:\/\/jugulajm.net\/index.php?rest_route=%2Fwp%2Fv2%2Fmedia&parent=63074"}],"wp:term":[{"taxonomy":"category","embeddable":true,"href":"https:\/\/jugulajm.net\/index.php?rest_route=%2Fwp%2Fv2%2Fcategories&post=63074"},{"taxonomy":"post_tag","embeddable":true,"href":"https:\/\/jugulajm.net\/index.php?rest_route=%2Fwp%2Fv2%2Ftags&post=63074"}],"curies":[{"name":"wp","href":"https:\/\/api.w.org\/{rel}","templated":true}]}}