{"id":63068,"date":"2023-07-29T12:19:05","date_gmt":"2023-07-29T10:19:05","guid":{"rendered":"https:\/\/jugulajm.net\/?p=63068"},"modified":"2023-07-29T12:19:05","modified_gmt":"2023-07-29T10:19:05","slug":"shqiptari-masakron-me-sepate-infermieren-italiane-ja-detajet","status":"publish","type":"post","link":"https:\/\/jugulajm.net\/?p=63068","title":{"rendered":"Shqiptari masakron me s\u00ebpat\u00eb infermieren italiane, ja detajet&#8230;"},"content":{"rendered":"<p>Nj\u00eb 48-vje\u00e7ar shqiptar ka vrar\u00eb nj\u00eb 63-vje\u00e7are italiane n\u00eb Noriglio, nj\u00eb fshat i Rovereto, n\u00eb via Fonteni.<\/p>\n<p>Shqiptari priti jasht\u00eb sht\u00ebpis\u00eb infermieren e cila kishte dal\u00eb n\u00eb pension. Ai e goditi at\u00eb dy her\u00eb me s\u00ebpat\u00eb, duke i thyer kok\u00ebn dhe fytyr\u00ebn.<\/p>\n<p>Gruaja u vra para syve t\u00eb n\u00ebn\u00ebs s\u00eb saj 80-vje\u00e7are, djalit t\u00eb saj 30-vje\u00e7ar dhe disa familjeve q\u00eb ishin n\u00eb rrug\u00eb n\u00eb at\u00eb moment.<\/p>\n<p>Vras\u00ebsi ishte i martuar dhe kishte dy vajza adoleshente.<\/p>\n<p>N\u00eb fund, ai u vet\u00ebdor\u00ebzua, duke pranuar vrasjen.<\/p>\n<p>Vrasja ka ndodhur pas sherreve t\u00eb vazhdueshme q\u00eb kishin me vite t\u00eb t\u00ebra, me k\u00ebrc\u00ebnime, ofendime dhe ankesa t\u00eb kryq\u00ebzuara.<\/p>\n<p>Mara Fait ishte sulmuar edhe m\u00eb par\u00eb nga autori.<\/p>\n<p>Mara Fait kishte dal\u00eb n\u00eb pension vet\u00ebm disa muaj pasi kishte punuar gjithmon\u00eb n\u00eb sektorin spitalor n\u00eb spitalin Rovereto, fillimisht si\u00a0infermiere dhe m\u00eb pas n\u00eb sall\u00ebn e operacionit.\u00a0Dje ajo po kthehej nga supermarketi pasi kishte b\u00ebr\u00eb pazar me n\u00ebn\u00ebn e saj t\u00eb moshuar dhe t\u00eb s\u00ebmur\u00eb.<\/p>\n<p>N\u00eb vitin 2015 ajo ishte gjithashtu\u00a0kandidate p\u00ebr Bashkin\u00eb e Rovereto, n\u00eb\u00a0list\u00ebn e Marco Zenatti\u00a0\u201cProject Rovereto City \u201c.<\/p>\n","protected":false},"excerpt":{"rendered":"<p>Nj\u00eb 48-vje\u00e7ar shqiptar ka vrar\u00eb nj\u00eb 63-vje\u00e7are italiane n\u00eb Noriglio, nj\u00eb fshat i Rovereto, n\u00eb via Fonteni. Shqiptari priti jasht\u00eb sht\u00ebpis\u00eb infermieren e cila kishte dal\u00eb n\u00eb pension. Ai e goditi at\u00eb dy her\u00eb me s\u00ebpat\u00eb, duke i thyer kok\u00ebn dhe fytyr\u00ebn. Gruaja u vra para syve t\u00eb n\u00ebn\u00ebs s\u00eb saj 80-vje\u00e7are, djalit t\u00eb saj [&hellip;]<\/p>\n","protected":false},"author":5,"featured_media":63069,"comment_status":"closed","ping_status":"closed","sticky":false,"template":"","format":"standard","meta":{"footnotes":""},"categories":[1,6332],"tags":[21500,25244],"class_list":{"0":"post-63068","1":"post","2":"type-post","3":"status-publish","4":"format-standard","5":"has-post-thumbnail","7":"category-aktualitet","8":"category-te-fundit","9":"tag-ja-detajet","10":"tag-shqiptari-masakron-me-sepate-infermieren-italiane"},"_links":{"self":[{"href":"https:\/\/jugulajm.net\/index.php?rest_route=\/wp\/v2\/posts\/63068","targetHints":{"allow":["GET"]}}],"collection":[{"href":"https:\/\/jugulajm.net\/index.php?rest_route=\/wp\/v2\/posts"}],"about":[{"href":"https:\/\/jugulajm.net\/index.php?rest_route=\/wp\/v2\/types\/post"}],"author":[{"embeddable":true,"href":"https:\/\/jugulajm.net\/index.php?rest_route=\/wp\/v2\/users\/5"}],"replies":[{"embeddable":true,"href":"https:\/\/jugulajm.net\/index.php?rest_route=%2Fwp%2Fv2%2Fcomments&post=63068"}],"version-history":[{"count":0,"href":"https:\/\/jugulajm.net\/index.php?rest_route=\/wp\/v2\/posts\/63068\/revisions"}],"wp:featuredmedia":[{"embeddable":true,"href":"https:\/\/jugulajm.net\/index.php?rest_route=\/wp\/v2\/media\/63069"}],"wp:attachment":[{"href":"https:\/\/jugulajm.net\/index.php?rest_route=%2Fwp%2Fv2%2Fmedia&parent=63068"}],"wp:term":[{"taxonomy":"category","embeddable":true,"href":"https:\/\/jugulajm.net\/index.php?rest_route=%2Fwp%2Fv2%2Fcategories&post=63068"},{"taxonomy":"post_tag","embeddable":true,"href":"https:\/\/jugulajm.net\/index.php?rest_route=%2Fwp%2Fv2%2Ftags&post=63068"}],"curies":[{"name":"wp","href":"https:\/\/api.w.org\/{rel}","templated":true}]}}