{"id":63048,"date":"2023-07-28T19:06:06","date_gmt":"2023-07-28T17:06:06","guid":{"rendered":"https:\/\/jugulajm.net\/?p=63048"},"modified":"2023-07-28T19:07:06","modified_gmt":"2023-07-28T17:07:06","slug":"tragjike-gjenden-te-pajete-anetaret-e-nje-familjeje-dyshohet-se-babai-ka-vrare-djalin-gruan-dhe-me-pas-veten","status":"publish","type":"post","link":"https:\/\/jugulajm.net\/?p=63048","title":{"rendered":"Tragjike\/ Gjenden t\u00eb pajet\u00eb an\u00ebtar\u00ebt e nj\u00eb familjeje, dyshohet se babai ka vrar\u00eb djalin, gruan dhe m\u00eb pas veten"},"content":{"rendered":"<p>Tre an\u00ebtar\u00eb t\u00eb nj\u00eb familjeje n\u00eb Lipjan, n\u00eb Kosov\u00eb jan\u00eb gjetur pajet\u00eb.<\/p>\n<p>Mediat n\u00eb Kosov\u00ebs shkruajn\u00eb se dyshohet se Abedin Bekteshi ka vrar\u00eb s\u00eb pari djalin, m\u00eb pas gruan dhe n\u00eb fund veten.<\/p>\n<p>Sipas policis\u00eb s\u00eb Kosov\u00ebs, b\u00ebhet me dije se kan\u00eb nisur hetimet p\u00ebr k\u00ebt\u00eb ngjarje t\u00eb r\u00ebnd\u00eb.<\/p>\n<p><strong>Njoftimi i policis\u00eb:<\/strong><\/p>\n<p>\u201cRreth or\u00ebs 16:30 policia ka pranuar informat\u00ebn p\u00ebr tre persona t\u00eb pajet\u00eb n\u00eb fshatin Rufc t\u00eb Lipjanit. Menj\u00ebher\u00eb pas marrjes s\u00eb informat\u00ebs policia ka dal\u00eb n\u00eb vendin e ngjarjes ku jan\u00eb hasur tre trupa t\u00eb pajet\u00eb. Vdekja e t\u00eb cil\u00ebve \u00ebsht\u00eb konstatuar nga ana e ekipit mjek\u00ebsor.<\/p>\n","protected":false},"excerpt":{"rendered":"<p>Tre an\u00ebtar\u00eb t\u00eb nj\u00eb familjeje n\u00eb Lipjan, n\u00eb Kosov\u00eb jan\u00eb gjetur pajet\u00eb. Mediat n\u00eb Kosov\u00ebs shkruajn\u00eb se dyshohet se Abedin Bekteshi ka vrar\u00eb s\u00eb pari djalin, m\u00eb pas gruan dhe n\u00eb fund veten. Sipas policis\u00eb s\u00eb Kosov\u00ebs, b\u00ebhet me dije se kan\u00eb nisur hetimet p\u00ebr k\u00ebt\u00eb ngjarje t\u00eb r\u00ebnd\u00eb. Njoftimi i policis\u00eb: \u201cRreth or\u00ebs 16:30 [&hellip;]<\/p>\n","protected":false},"author":5,"featured_media":54477,"comment_status":"closed","ping_status":"closed","sticky":false,"template":"","format":"standard","meta":{"footnotes":""},"categories":[1,6332],"tags":[25235,25236,25234],"class_list":{"0":"post-63048","1":"post","2":"type-post","3":"status-publish","4":"format-standard","5":"has-post-thumbnail","7":"category-aktualitet","8":"category-te-fundit","9":"tag-dyshohet-se-babai-ka-vrare-djalin","10":"tag-gruan-dhe-me-pas-veten","11":"tag-tragjike-gjenden-te-pajete-anetaret-e-nje-familjeje"},"_links":{"self":[{"href":"https:\/\/jugulajm.net\/index.php?rest_route=\/wp\/v2\/posts\/63048","targetHints":{"allow":["GET"]}}],"collection":[{"href":"https:\/\/jugulajm.net\/index.php?rest_route=\/wp\/v2\/posts"}],"about":[{"href":"https:\/\/jugulajm.net\/index.php?rest_route=\/wp\/v2\/types\/post"}],"author":[{"embeddable":true,"href":"https:\/\/jugulajm.net\/index.php?rest_route=\/wp\/v2\/users\/5"}],"replies":[{"embeddable":true,"href":"https:\/\/jugulajm.net\/index.php?rest_route=%2Fwp%2Fv2%2Fcomments&post=63048"}],"version-history":[{"count":0,"href":"https:\/\/jugulajm.net\/index.php?rest_route=\/wp\/v2\/posts\/63048\/revisions"}],"wp:featuredmedia":[{"embeddable":true,"href":"https:\/\/jugulajm.net\/index.php?rest_route=\/wp\/v2\/media\/54477"}],"wp:attachment":[{"href":"https:\/\/jugulajm.net\/index.php?rest_route=%2Fwp%2Fv2%2Fmedia&parent=63048"}],"wp:term":[{"taxonomy":"category","embeddable":true,"href":"https:\/\/jugulajm.net\/index.php?rest_route=%2Fwp%2Fv2%2Fcategories&post=63048"},{"taxonomy":"post_tag","embeddable":true,"href":"https:\/\/jugulajm.net\/index.php?rest_route=%2Fwp%2Fv2%2Ftags&post=63048"}],"curies":[{"name":"wp","href":"https:\/\/api.w.org\/{rel}","templated":true}]}}