{"id":63035,"date":"2023-07-28T11:51:18","date_gmt":"2023-07-28T09:51:18","guid":{"rendered":"https:\/\/jugulajm.net\/?p=63035"},"modified":"2023-07-28T11:51:18","modified_gmt":"2023-07-28T09:51:18","slug":"video-analiza-e-qeverisjes-rama-mbledh-qeverine-buze-lumit-ne-ujin-e-ftohte-tepelene","status":"publish","type":"post","link":"https:\/\/jugulajm.net\/?p=63035","title":{"rendered":"VIDEO\/ Analiza e qeverisjes, Rama mbledh qeverin\u00eb buz\u00eb lumit n\u00eb &#8221;Ujin e Ftoht\u00eb&#8221;, Tepelen\u00eb"},"content":{"rendered":"<p>Pas ndryshimeve n\u00eb struktur\u00eb t\u00eb b\u00ebra n\u00eb mbledhjen e asambles\u00eb komb\u00ebtare t\u00eb Ps, kryeministri Edi Rama, mbledh kabinetin e tij qeveritar n\u00eb Tepelen\u00eb m\u00eb 28-29 Korrik.<\/p>\n<p>Sipas informacioneve, secili prej ministrave p\u00ebrkat\u00ebs do t\u00eb b\u00ebj nj\u00eb analiz\u00eb t\u00eb thell\u00eb t\u00eb pun\u00ebs s\u00eb realizuar deri m\u00eb tani.<\/p>\n<p>Burime b\u00ebjn\u00eb me dije se pas analiz\u00ebs dy ditore n\u00eb kabinet, nuk p\u00ebrjashtohet mund\u00ebsia q\u00eb q\u00eb kreu i qeveris\u00eb t\u00eb vijoj me t\u00eb tjera ndryshime.<\/p>\n<p>T\u00eb gjith\u00eb ministrat kan\u00eb konfirmuar pjesmarrjen, nd\u00ebrsaEvis Kushi do t\u00eb z\u00ebvend\u00ebsohet n\u00eb k\u00ebt\u00eb mbledhje nga zvn ministrja Albana Tole.<\/p>\n<div style=\"width: 640px;\" class=\"wp-video\"><!--[if lt IE 9]><script>document.createElement('video');<\/script><![endif]-->\n<video class=\"wp-video-shortcode\" id=\"video-63035-1\" width=\"640\" height=\"368\" preload=\"metadata\" controls=\"controls\"><source type=\"video\/mp4\" src=\"https:\/\/jugulajm.net\/wp-content\/uploads\/2023\/07\/10000000_6592546180801863_3918147233952171005_n.mp4?_=1\" \/><a href=\"https:\/\/jugulajm.net\/wp-content\/uploads\/2023\/07\/10000000_6592546180801863_3918147233952171005_n.mp4\">https:\/\/jugulajm.net\/wp-content\/uploads\/2023\/07\/10000000_6592546180801863_3918147233952171005_n.mp4<\/a><\/video><\/div>\n","protected":false},"excerpt":{"rendered":"<p>Pas ndryshimeve n\u00eb struktur\u00eb t\u00eb b\u00ebra n\u00eb mbledhjen e asambles\u00eb komb\u00ebtare t\u00eb Ps, kryeministri Edi Rama, mbledh kabinetin e tij qeveritar n\u00eb Tepelen\u00eb m\u00eb 28-29 Korrik. Sipas informacioneve, secili prej ministrave p\u00ebrkat\u00ebs do t\u00eb b\u00ebj nj\u00eb analiz\u00eb t\u00eb thell\u00eb t\u00eb pun\u00ebs s\u00eb realizuar deri m\u00eb tani. Burime b\u00ebjn\u00eb me dije se pas analiz\u00ebs dy ditore [&hellip;]<\/p>\n","protected":false},"author":5,"featured_media":63037,"comment_status":"closed","ping_status":"closed","sticky":false,"template":"","format":"standard","meta":{"footnotes":""},"categories":[6326,6332],"tags":[25229,20204,25228],"class_list":{"0":"post-63035","1":"post","2":"type-post","3":"status-publish","4":"format-standard","5":"has-post-thumbnail","7":"category-politike","8":"category-te-fundit","9":"tag-rama-mbledh-qeverine-buze-lumit-ne-ujin-e-ftohte","10":"tag-tepelene","11":"tag-video-analiza-e-qeverisjes"},"_links":{"self":[{"href":"https:\/\/jugulajm.net\/index.php?rest_route=\/wp\/v2\/posts\/63035","targetHints":{"allow":["GET"]}}],"collection":[{"href":"https:\/\/jugulajm.net\/index.php?rest_route=\/wp\/v2\/posts"}],"about":[{"href":"https:\/\/jugulajm.net\/index.php?rest_route=\/wp\/v2\/types\/post"}],"author":[{"embeddable":true,"href":"https:\/\/jugulajm.net\/index.php?rest_route=\/wp\/v2\/users\/5"}],"replies":[{"embeddable":true,"href":"https:\/\/jugulajm.net\/index.php?rest_route=%2Fwp%2Fv2%2Fcomments&post=63035"}],"version-history":[{"count":0,"href":"https:\/\/jugulajm.net\/index.php?rest_route=\/wp\/v2\/posts\/63035\/revisions"}],"wp:featuredmedia":[{"embeddable":true,"href":"https:\/\/jugulajm.net\/index.php?rest_route=\/wp\/v2\/media\/63037"}],"wp:attachment":[{"href":"https:\/\/jugulajm.net\/index.php?rest_route=%2Fwp%2Fv2%2Fmedia&parent=63035"}],"wp:term":[{"taxonomy":"category","embeddable":true,"href":"https:\/\/jugulajm.net\/index.php?rest_route=%2Fwp%2Fv2%2Fcategories&post=63035"},{"taxonomy":"post_tag","embeddable":true,"href":"https:\/\/jugulajm.net\/index.php?rest_route=%2Fwp%2Fv2%2Ftags&post=63035"}],"curies":[{"name":"wp","href":"https:\/\/api.w.org\/{rel}","templated":true}]}}