{"id":62948,"date":"2023-07-26T18:00:26","date_gmt":"2023-07-26T16:00:26","guid":{"rendered":"https:\/\/jugulajm.net\/?p=62948"},"modified":"2023-07-26T18:00:51","modified_gmt":"2023-07-26T16:00:51","slug":"lajm-i-fundit-emri-emerohet-ministrja-e-re-e-financave","status":"publish","type":"post","link":"https:\/\/jugulajm.net\/?p=62948","title":{"rendered":"LAJM I FUNDIT!! (EMRI) Em\u00ebrohet ministrja e re e financave"},"content":{"rendered":"<p>Edi Rama e shkarkoi sot ministren e Financave, Delina Brahimaj.<\/p>\n<p>Lajmi p\u00ebr largimin e saj nga kabineti, u b\u00eb i ditur para se t\u00eb mblidhej asambleja Komb\u00ebtare e PS-s\u00eb.<\/p>\n<p>Por tani m\u00ebsohet se \u00ebsht\u00eb gjetur dhe z\u00ebvend\u00ebsuesja e Brahimajt.<\/p>\n<p>B\u00ebhet fjal\u00eb p\u00ebr z\u00ebvend\u00ebsministren Olta Manjani, e cila sipas burimeve do t\u00eb jet\u00eb n\u00eb detyr\u00eb deri n\u00eb momentin q\u00eb t\u00eb mblidhet kuvendi, kjo pasi Rama nuk kalon dot ndryshime tani.<\/p>\n<p>Nuk dihet n\u00ebse Rama do ti besoj\u00eb Manjanit edhe m\u00eb gjat\u00eb, apo do t\u00eb z\u00ebvend\u00ebsohet me ndonj\u00eb tjet\u00ebr em\u00ebr surpriz\u00eb q\u00eb vijn\u00eb nga kreu i qeveris\u00eb.<\/p>\n","protected":false},"excerpt":{"rendered":"<p>Edi Rama e shkarkoi sot ministren e Financave, Delina Brahimaj. Lajmi p\u00ebr largimin e saj nga kabineti, u b\u00eb i ditur para se t\u00eb mblidhej asambleja Komb\u00ebtare e PS-s\u00eb. Por tani m\u00ebsohet se \u00ebsht\u00eb gjetur dhe z\u00ebvend\u00ebsuesja e Brahimajt. B\u00ebhet fjal\u00eb p\u00ebr z\u00ebvend\u00ebsministren Olta Manjani, e cila sipas burimeve do t\u00eb jet\u00eb n\u00eb detyr\u00eb deri [&hellip;]<\/p>\n","protected":false},"author":5,"featured_media":55169,"comment_status":"closed","ping_status":"closed","sticky":false,"template":"","format":"standard","meta":{"footnotes":""},"categories":[1,6332],"tags":[25181],"class_list":{"0":"post-62948","1":"post","2":"type-post","3":"status-publish","4":"format-standard","5":"has-post-thumbnail","7":"category-aktualitet","8":"category-te-fundit","9":"tag-lajm-i-fundit-emri-emerohet-ministrja-e-re-e-financave"},"_links":{"self":[{"href":"https:\/\/jugulajm.net\/index.php?rest_route=\/wp\/v2\/posts\/62948","targetHints":{"allow":["GET"]}}],"collection":[{"href":"https:\/\/jugulajm.net\/index.php?rest_route=\/wp\/v2\/posts"}],"about":[{"href":"https:\/\/jugulajm.net\/index.php?rest_route=\/wp\/v2\/types\/post"}],"author":[{"embeddable":true,"href":"https:\/\/jugulajm.net\/index.php?rest_route=\/wp\/v2\/users\/5"}],"replies":[{"embeddable":true,"href":"https:\/\/jugulajm.net\/index.php?rest_route=%2Fwp%2Fv2%2Fcomments&post=62948"}],"version-history":[{"count":0,"href":"https:\/\/jugulajm.net\/index.php?rest_route=\/wp\/v2\/posts\/62948\/revisions"}],"wp:featuredmedia":[{"embeddable":true,"href":"https:\/\/jugulajm.net\/index.php?rest_route=\/wp\/v2\/media\/55169"}],"wp:attachment":[{"href":"https:\/\/jugulajm.net\/index.php?rest_route=%2Fwp%2Fv2%2Fmedia&parent=62948"}],"wp:term":[{"taxonomy":"category","embeddable":true,"href":"https:\/\/jugulajm.net\/index.php?rest_route=%2Fwp%2Fv2%2Fcategories&post=62948"},{"taxonomy":"post_tag","embeddable":true,"href":"https:\/\/jugulajm.net\/index.php?rest_route=%2Fwp%2Fv2%2Ftags&post=62948"}],"curies":[{"name":"wp","href":"https:\/\/api.w.org\/{rel}","templated":true}]}}