{"id":62939,"date":"2023-07-26T16:23:54","date_gmt":"2023-07-26T14:23:54","guid":{"rendered":"https:\/\/jugulajm.net\/?p=62939"},"modified":"2023-07-26T16:23:54","modified_gmt":"2023-07-26T14:23:54","slug":"video-e-reja-shkon-nudo-te-dera-e-prokurorise-dhe","status":"publish","type":"post","link":"https:\/\/jugulajm.net\/?p=62939","title":{"rendered":"VIDEO\/ E reja shkon nudo te dera e Prokuroris\u00eb dhe&#8230;"},"content":{"rendered":"<p>Ajo q\u00eb \u00ebsht\u00eb pak, por e sigurt \u00ebsht\u00eb se jo vet\u00ebm zyrtar\u00ebt e prokuroris\u00eb, por edhe kalimtar\u00eb e shofer\u00eb q\u00eb u gjet\u00ebn k\u00ebt\u00eb t\u00eb m\u00ebrkur\u00eb n\u00eb rrug\u00eb, mbet\u00ebn t\u00eb shokuar nga k\u00ebto pamje\u2026<\/p>\n<p><iframe loading=\"lazy\" class=\"entered litespeed-loaded\" title=\"YouTube video player\" src=\"https:\/\/www.youtube.com\/embed\/ej4IkB6Q7No\" width=\"560\" height=\"315\" frameborder=\"0\" allowfullscreen=\"allowfullscreen\" data-lazyloaded=\"1\" data-src=\"https:\/\/www.youtube.com\/embed\/ej4IkB6Q7No\" data-ll-status=\"loaded\" data-mce-fragment=\"1\"><\/iframe><\/p>\n<p>P\u00ebr shkaqe q\u00eb ende nuk dihen, kjo vajz\u00eb e re shkoi t\u00ebr\u00ebsisht e zhveshur n\u00eb der\u00eb t\u00eb prokuroris\u00eb s\u00eb Tiran\u00ebs. E shkujdesur si t\u00eb ishte e veshur, ajo q\u00ebndronte n\u00eb der\u00eb t\u00eb prokuroris\u00eb, nd\u00ebrsa qytetar\u00eb t\u00eb shumt\u00eb mbet\u00ebn goj\u00ebhapur.<\/p>\n<p>Gazetarja e Klan News, Glidona Daci, e cila p\u00ebrcjell edhe k\u00ebto pamje, thot\u00eb se b\u00ebhet fjal\u00eb p\u00ebr nj\u00eb vajz\u00eb me komb\u00ebsi t\u00eb huaj. Gazetarja shprehet se nuk p\u00ebrjashtohet mund\u00ebsia q\u00eb veprimi i saj t\u00eb jet\u00eb n\u00eb shenj\u00eb proteste, ashtu sikurse edhe mund\u00ebsia q\u00eb t\u00eb ket\u00eb probleme t\u00eb sh\u00ebndetit mendor.<\/p>\n<p>N\u00eb video mund t\u00eb d\u00ebgjohet nj\u00eb qytetar q\u00eb ka vet\u00ebm nj\u00eb koment:\u00a0<em>\u201c\u00c7a bohet kshu mo vlla\u201d.<\/em><\/p>\n","protected":false},"excerpt":{"rendered":"<p>Ajo q\u00eb \u00ebsht\u00eb pak, por e sigurt \u00ebsht\u00eb se jo vet\u00ebm zyrtar\u00ebt e prokuroris\u00eb, por edhe kalimtar\u00eb e shofer\u00eb q\u00eb u gjet\u00ebn k\u00ebt\u00eb t\u00eb m\u00ebrkur\u00eb n\u00eb rrug\u00eb, mbet\u00ebn t\u00eb shokuar nga k\u00ebto pamje\u2026 P\u00ebr shkaqe q\u00eb ende nuk dihen, kjo vajz\u00eb e re shkoi t\u00ebr\u00ebsisht e zhveshur n\u00eb der\u00eb t\u00eb prokuroris\u00eb s\u00eb Tiran\u00ebs. E shkujdesur [&hellip;]<\/p>\n","protected":false},"author":5,"featured_media":62944,"comment_status":"closed","ping_status":"closed","sticky":false,"template":"","format":"standard","meta":{"footnotes":""},"categories":[1,6332],"tags":[25178],"class_list":{"0":"post-62939","1":"post","2":"type-post","3":"status-publish","4":"format-standard","5":"has-post-thumbnail","7":"category-aktualitet","8":"category-te-fundit","9":"tag-video-e-reja-shkon-nudo-te-dera-e-prokurorise-dhe"},"_links":{"self":[{"href":"https:\/\/jugulajm.net\/index.php?rest_route=\/wp\/v2\/posts\/62939","targetHints":{"allow":["GET"]}}],"collection":[{"href":"https:\/\/jugulajm.net\/index.php?rest_route=\/wp\/v2\/posts"}],"about":[{"href":"https:\/\/jugulajm.net\/index.php?rest_route=\/wp\/v2\/types\/post"}],"author":[{"embeddable":true,"href":"https:\/\/jugulajm.net\/index.php?rest_route=\/wp\/v2\/users\/5"}],"replies":[{"embeddable":true,"href":"https:\/\/jugulajm.net\/index.php?rest_route=%2Fwp%2Fv2%2Fcomments&post=62939"}],"version-history":[{"count":0,"href":"https:\/\/jugulajm.net\/index.php?rest_route=\/wp\/v2\/posts\/62939\/revisions"}],"wp:featuredmedia":[{"embeddable":true,"href":"https:\/\/jugulajm.net\/index.php?rest_route=\/wp\/v2\/media\/62944"}],"wp:attachment":[{"href":"https:\/\/jugulajm.net\/index.php?rest_route=%2Fwp%2Fv2%2Fmedia&parent=62939"}],"wp:term":[{"taxonomy":"category","embeddable":true,"href":"https:\/\/jugulajm.net\/index.php?rest_route=%2Fwp%2Fv2%2Fcategories&post=62939"},{"taxonomy":"post_tag","embeddable":true,"href":"https:\/\/jugulajm.net\/index.php?rest_route=%2Fwp%2Fv2%2Ftags&post=62939"}],"curies":[{"name":"wp","href":"https:\/\/api.w.org\/{rel}","templated":true}]}}