{"id":62932,"date":"2023-07-26T12:40:54","date_gmt":"2023-07-26T10:40:54","guid":{"rendered":"https:\/\/jugulajm.net\/?p=62932"},"modified":"2023-07-26T12:41:14","modified_gmt":"2023-07-26T10:41:14","slug":"tepelene-procedohen-2-te-moshuarit-akuzohen-per-zjarrvenie-dhe-demtim-prone","status":"publish","type":"post","link":"https:\/\/jugulajm.net\/?p=62932","title":{"rendered":"Tepelen\u00eb\/ Procedohen 2 t\u00eb moshuarit, akuzohen p\u00ebr zjarrv\u00ebnie dhe d\u00ebmtim prone"},"content":{"rendered":"<p>Specialist\u00ebt p\u00ebr Hetimin e Krimeve t\u00eb Komisariatit t\u00eb Policis\u00eb Tepelen\u00eb referuan materialet n\u00eb Prokurori dhe nisi procedimi penal p\u00ebr shtetasit Sh. K., 66 vje\u00e7 dhe P. K., 69 vje\u00e7, banues n\u00eb fshatin Dukaj, Tepelen\u00eb, pasi dyshohet se kan\u00eb ndezur zjarr n\u00eb vendin e quajtur \u201cHija e Korbit\u201d dhe si pasoj\u00eb e p\u00ebrhapjes s\u00eb flak\u00ebve \u00ebsht\u00eb djegur nj\u00eb sip\u00ebrfaqe kullote.<\/p>\n<p>Materialet n\u00eb ngarkim t\u00eb shtetasve t\u00eb m\u00ebsip\u00ebrm i kaluan Prokuroris\u00eb pran\u00eb Gjykat\u00ebs s\u00eb Shkall\u00ebs s\u00eb Par\u00eb t\u00eb Juridiksionit t\u00eb P\u00ebrgjithsh\u00ebm Gjirokast\u00ebr, p\u00ebr veprime t\u00eb m\u00ebtejshme.<\/p>\n","protected":false},"excerpt":{"rendered":"<p>Specialist\u00ebt p\u00ebr Hetimin e Krimeve t\u00eb Komisariatit t\u00eb Policis\u00eb Tepelen\u00eb referuan materialet n\u00eb Prokurori dhe nisi procedimi penal p\u00ebr shtetasit Sh. K., 66 vje\u00e7 dhe P. K., 69 vje\u00e7, banues n\u00eb fshatin Dukaj, Tepelen\u00eb, pasi dyshohet se kan\u00eb ndezur zjarr n\u00eb vendin e quajtur \u201cHija e Korbit\u201d dhe si pasoj\u00eb e p\u00ebrhapjes s\u00eb flak\u00ebve \u00ebsht\u00eb [&hellip;]<\/p>\n","protected":false},"author":5,"featured_media":49654,"comment_status":"closed","ping_status":"closed","sticky":false,"template":"","format":"standard","meta":{"footnotes":""},"categories":[1,6332],"tags":[25173,25172],"class_list":{"0":"post-62932","1":"post","2":"type-post","3":"status-publish","4":"format-standard","5":"has-post-thumbnail","7":"category-aktualitet","8":"category-te-fundit","9":"tag-akuzohen-per-zjarrvenie-dhe-demtim-prone","10":"tag-tepelene-procedohen-2-te-moshuarit"},"_links":{"self":[{"href":"https:\/\/jugulajm.net\/index.php?rest_route=\/wp\/v2\/posts\/62932","targetHints":{"allow":["GET"]}}],"collection":[{"href":"https:\/\/jugulajm.net\/index.php?rest_route=\/wp\/v2\/posts"}],"about":[{"href":"https:\/\/jugulajm.net\/index.php?rest_route=\/wp\/v2\/types\/post"}],"author":[{"embeddable":true,"href":"https:\/\/jugulajm.net\/index.php?rest_route=\/wp\/v2\/users\/5"}],"replies":[{"embeddable":true,"href":"https:\/\/jugulajm.net\/index.php?rest_route=%2Fwp%2Fv2%2Fcomments&post=62932"}],"version-history":[{"count":0,"href":"https:\/\/jugulajm.net\/index.php?rest_route=\/wp\/v2\/posts\/62932\/revisions"}],"wp:featuredmedia":[{"embeddable":true,"href":"https:\/\/jugulajm.net\/index.php?rest_route=\/wp\/v2\/media\/49654"}],"wp:attachment":[{"href":"https:\/\/jugulajm.net\/index.php?rest_route=%2Fwp%2Fv2%2Fmedia&parent=62932"}],"wp:term":[{"taxonomy":"category","embeddable":true,"href":"https:\/\/jugulajm.net\/index.php?rest_route=%2Fwp%2Fv2%2Fcategories&post=62932"},{"taxonomy":"post_tag","embeddable":true,"href":"https:\/\/jugulajm.net\/index.php?rest_route=%2Fwp%2Fv2%2Ftags&post=62932"}],"curies":[{"name":"wp","href":"https:\/\/api.w.org\/{rel}","templated":true}]}}