{"id":62913,"date":"2023-07-26T08:47:34","date_gmt":"2023-07-26T06:47:34","guid":{"rendered":"https:\/\/jugulajm.net\/?p=62913"},"modified":"2023-07-26T08:47:34","modified_gmt":"2023-07-26T06:47:34","slug":"moti-sot-ulen-temperaturat-ja-se-sa","status":"publish","type":"post","link":"https:\/\/jugulajm.net\/?p=62913","title":{"rendered":"Moti sot\/ Ulen temperaturat, ja se sa&#8230;"},"content":{"rendered":"<p>Dita e m\u00ebrkur\u00eb do t\u00eb sjell\u00eb t\u00ebrheqje t\u00eb k\u00ebsaj si edhe freskim t\u00eb menj\u00ebhersh\u00ebm t\u00eb motit.<\/p>\n<div class=\"jeg_ad jeg_ad_article jnews_content_inline_ads\">\n<div class=\"ads-wrapper align-center\">\n<div class=\"ads_code\">Megjithat\u00eb, kthjellimet do t\u00eb jen\u00eb dominante deri pasdite kur priten vran\u00ebsira n\u00ebp\u00ebr t\u00eb gjith\u00eb territorin e vendit, m\u00eb t\u00eb dukshme n\u00eb zonat malore veriore dhe verilindore.<\/div>\n<div><\/div>\n<\/div>\n<\/div>\n<div class=\"jeg_ad jeg_ad_article jnews_content_inline_2_ads\">\n<div class=\"ads-wrapper align-center\">\n<div class=\"ads_code\">Parashikohet q\u00eb edhe gjat\u00eb nat\u00ebs moti t\u00eb jet\u00eb i q\u00ebndruesh\u00ebm ku kthjellimet do t\u00eb mbizot\u00ebrojn\u00eb, por vran\u00ebsirat mbeten t\u00eb pranishme n\u00eb t\u00eb gjith\u00eb vendin.<\/div>\n<\/div>\n<\/div>\n<p>Temperaturat e ajrit do t\u00eb p\u00ebsojn\u00eb r\u00ebnie t\u00eb ndjeshme n\u00eb vlerat maksimale duke u luhatur nga 17\u00b0C deri n\u00eb 36\u00b0C.<\/p>\n<p>Sipas Meteoalb, era do te fryj\u00eb mesatarisht me shpejt\u00ebsi 50 km\/h nga drejtimi kryesisht Jugor duke gjeneruar n\u00eb brigjet detare dallg\u00ebzim mbi 3 ball\u00eb.<\/p>\n","protected":false},"excerpt":{"rendered":"<p>Dita e m\u00ebrkur\u00eb do t\u00eb sjell\u00eb t\u00ebrheqje t\u00eb k\u00ebsaj si edhe freskim t\u00eb menj\u00ebhersh\u00ebm t\u00eb motit. Megjithat\u00eb, kthjellimet do t\u00eb jen\u00eb dominante deri pasdite kur priten vran\u00ebsira n\u00ebp\u00ebr t\u00eb gjith\u00eb territorin e vendit, m\u00eb t\u00eb dukshme n\u00eb zonat malore veriore dhe verilindore. Parashikohet q\u00eb edhe gjat\u00eb nat\u00ebs moti t\u00eb jet\u00eb i q\u00ebndruesh\u00ebm ku kthjellimet do [&hellip;]<\/p>\n","protected":false},"author":5,"featured_media":55848,"comment_status":"closed","ping_status":"closed","sticky":false,"template":"","format":"standard","meta":{"footnotes":""},"categories":[7650,6332],"tags":[20795,20700],"class_list":{"0":"post-62913","1":"post","2":"type-post","3":"status-publish","4":"format-standard","5":"has-post-thumbnail","7":"category-moti","8":"category-te-fundit","9":"tag-ja-se-sa","10":"tag-moti-sot-ulen-temperaturat"},"_links":{"self":[{"href":"https:\/\/jugulajm.net\/index.php?rest_route=\/wp\/v2\/posts\/62913","targetHints":{"allow":["GET"]}}],"collection":[{"href":"https:\/\/jugulajm.net\/index.php?rest_route=\/wp\/v2\/posts"}],"about":[{"href":"https:\/\/jugulajm.net\/index.php?rest_route=\/wp\/v2\/types\/post"}],"author":[{"embeddable":true,"href":"https:\/\/jugulajm.net\/index.php?rest_route=\/wp\/v2\/users\/5"}],"replies":[{"embeddable":true,"href":"https:\/\/jugulajm.net\/index.php?rest_route=%2Fwp%2Fv2%2Fcomments&post=62913"}],"version-history":[{"count":0,"href":"https:\/\/jugulajm.net\/index.php?rest_route=\/wp\/v2\/posts\/62913\/revisions"}],"wp:featuredmedia":[{"embeddable":true,"href":"https:\/\/jugulajm.net\/index.php?rest_route=\/wp\/v2\/media\/55848"}],"wp:attachment":[{"href":"https:\/\/jugulajm.net\/index.php?rest_route=%2Fwp%2Fv2%2Fmedia&parent=62913"}],"wp:term":[{"taxonomy":"category","embeddable":true,"href":"https:\/\/jugulajm.net\/index.php?rest_route=%2Fwp%2Fv2%2Fcategories&post=62913"},{"taxonomy":"post_tag","embeddable":true,"href":"https:\/\/jugulajm.net\/index.php?rest_route=%2Fwp%2Fv2%2Ftags&post=62913"}],"curies":[{"name":"wp","href":"https:\/\/api.w.org\/{rel}","templated":true}]}}