{"id":62872,"date":"2023-07-25T12:04:52","date_gmt":"2023-07-25T10:04:52","guid":{"rendered":"https:\/\/jugulajm.net\/?p=62872"},"modified":"2023-07-25T12:04:52","modified_gmt":"2023-07-25T10:04:52","slug":"emri-ja-kush-eshte-20-vjecari-qe-humbi-jeten-sot-ne-plazh","status":"publish","type":"post","link":"https:\/\/jugulajm.net\/?p=62872","title":{"rendered":"EMRI\/ Ja kush \u00ebsht\u00eb 20-vje\u00e7ari q\u00eb humbi jet\u00ebn sot n\u00eb plazh"},"content":{"rendered":"<p>Nj\u00eb ngjarje e r\u00ebnd\u00eb ka ndodhur gjat\u00eb m\u00ebngjesit t\u00eb sot\u00ebm n\u00eb plazhin e Velipoj\u00ebs.<\/p>\n<p>20-vje\u00e7ari Arlind Sylja, sapo ka r\u00ebn\u00eb n\u00eb kontakt me ujin, nuk \u00ebsht\u00eb ndjer\u00eb mir\u00eb nga ana sh\u00ebndet\u00ebsore. Ai \u00ebsht\u00eb nxjerr\u00eb n\u00eb breg nga familjar\u00ebt dhe roja bregdetare dhe i \u00ebsht\u00eb dh\u00ebn\u00eb ndihma e par\u00eb, por ka humbur jet\u00ebn<\/p>\n<p>Dyshohet se 20-vje\u00e7ari ka humbur jet\u00ebn nga arresti kardiak.<\/p>\n<p><strong>Njoftimi i plot\u00eb:\u00a0\u00a0<\/strong><\/p>\n<p>Rreth or\u00ebs 10:25, n\u00eb plazhin e Velipoj\u00ebs, shtetasi A. S., 20 vje\u00e7, banues n\u00eb Shkod\u00ebr, sapo ka r\u00ebn\u00eb n\u00eb kontakt me ujin, nuk \u00ebsht\u00eb ndjer\u00eb mir\u00eb nga ana sh\u00ebndet\u00ebsore. Ai \u00ebsht\u00eb nxjerr\u00eb n\u00eb breg nga familjar\u00ebt dhe roja bregdetare dhe i \u00ebsht\u00eb dh\u00ebn\u00eb ndihma e par\u00eb, por ka humbur jet\u00ebn. Paraprakisht dyshohet se 20-vje\u00e7ari ka humbur jet\u00ebn nga arresti kardiak.<\/p>\n<p>Grupi hetimor vijon pun\u00ebn p\u00ebr p\u00ebrcaktimin e sakt\u00eb t\u00eb shkakut t\u00eb humbjes s\u00eb jet\u00ebs.<\/p>\n","protected":false},"excerpt":{"rendered":"<p>Nj\u00eb ngjarje e r\u00ebnd\u00eb ka ndodhur gjat\u00eb m\u00ebngjesit t\u00eb sot\u00ebm n\u00eb plazhin e Velipoj\u00ebs. 20-vje\u00e7ari Arlind Sylja, sapo ka r\u00ebn\u00eb n\u00eb kontakt me ujin, nuk \u00ebsht\u00eb ndjer\u00eb mir\u00eb nga ana sh\u00ebndet\u00ebsore. Ai \u00ebsht\u00eb nxjerr\u00eb n\u00eb breg nga familjar\u00ebt dhe roja bregdetare dhe i \u00ebsht\u00eb dh\u00ebn\u00eb ndihma e par\u00eb, por ka humbur jet\u00ebn Dyshohet se 20-vje\u00e7ari [&hellip;]<\/p>\n","protected":false},"author":5,"featured_media":54477,"comment_status":"closed","ping_status":"closed","sticky":false,"template":"","format":"standard","meta":{"footnotes":""},"categories":[1,6332],"tags":[25143],"class_list":{"0":"post-62872","1":"post","2":"type-post","3":"status-publish","4":"format-standard","5":"has-post-thumbnail","7":"category-aktualitet","8":"category-te-fundit","9":"tag-emri-ja-kush-eshte-20-vjecari-qe-humbi-jeten-sot-ne-plazh"},"_links":{"self":[{"href":"https:\/\/jugulajm.net\/index.php?rest_route=\/wp\/v2\/posts\/62872","targetHints":{"allow":["GET"]}}],"collection":[{"href":"https:\/\/jugulajm.net\/index.php?rest_route=\/wp\/v2\/posts"}],"about":[{"href":"https:\/\/jugulajm.net\/index.php?rest_route=\/wp\/v2\/types\/post"}],"author":[{"embeddable":true,"href":"https:\/\/jugulajm.net\/index.php?rest_route=\/wp\/v2\/users\/5"}],"replies":[{"embeddable":true,"href":"https:\/\/jugulajm.net\/index.php?rest_route=%2Fwp%2Fv2%2Fcomments&post=62872"}],"version-history":[{"count":0,"href":"https:\/\/jugulajm.net\/index.php?rest_route=\/wp\/v2\/posts\/62872\/revisions"}],"wp:featuredmedia":[{"embeddable":true,"href":"https:\/\/jugulajm.net\/index.php?rest_route=\/wp\/v2\/media\/54477"}],"wp:attachment":[{"href":"https:\/\/jugulajm.net\/index.php?rest_route=%2Fwp%2Fv2%2Fmedia&parent=62872"}],"wp:term":[{"taxonomy":"category","embeddable":true,"href":"https:\/\/jugulajm.net\/index.php?rest_route=%2Fwp%2Fv2%2Fcategories&post=62872"},{"taxonomy":"post_tag","embeddable":true,"href":"https:\/\/jugulajm.net\/index.php?rest_route=%2Fwp%2Fv2%2Ftags&post=62872"}],"curies":[{"name":"wp","href":"https:\/\/api.w.org\/{rel}","templated":true}]}}