{"id":62843,"date":"2023-07-24T19:30:42","date_gmt":"2023-07-24T17:30:42","guid":{"rendered":"https:\/\/jugulajm.net\/?p=62843"},"modified":"2023-07-24T19:31:52","modified_gmt":"2023-07-24T17:31:52","slug":"ministri-balla-ka-shefa-policie-qe-hane-e-pine-me-kriminele-ata-smund-te-ulen-ne-lokale-as-gjate-dhe-as-pas-pune","status":"publish","type":"post","link":"https:\/\/jugulajm.net\/?p=62843","title":{"rendered":"Ministri Balla: Ka shefa policie q\u00eb han\u00eb e pin\u00eb me kriminel\u00eb, ata s&#8217;mund t\u00eb ulen n\u00eb lokale as gjat\u00eb dhe as pas pune"},"content":{"rendered":"<p>Ministri i Brendsh\u00ebm, Taulant Balla, ka hedhur akuza t\u00eb forta duke th\u00ebn\u00eb se drejtor\u00eb e shefa komisariatesh ulen n\u00eb lokale me kriminel\u00eb, duke u dh\u00ebn\u00eb atyre informacione sensitive t\u00eb pun\u00ebs dhe t\u00eb aksioneve policore.<\/p>\n<p>Balla u shpreh se punonj\u00ebsit e policis\u00eb jo vet\u00ebm q\u00eb nuk duhet t\u00eb ulen n\u00eb lokal n\u00eb orar pune, por ato \u201cguxojn\u00eb\u201d aq shum\u00eb saq\u00eb takohen edhe me persona t\u00eb pap\u00ebrshtatsh\u00ebm, duke e cil\u00ebsuar si skandaloze dhe karsh\u00ebll\u00ebk posht\u00ebrues p\u00ebr polic\u00ebt e r\u00ebn\u00eb n\u00eb detyr\u00eb.<\/p>\n<p><em>\u201cN\u00eb Kodin Etik thuhet q\u00eb thot\u00eb se drejtuesit e Policis\u00eb s\u00eb Shtetit nuk mund t\u00eb ulen n\u00ebp\u00ebr kafe e restorante as gjat\u00eb pune, as pas pune, p\u00ebrve\u00e7se p\u00ebr arsye familjare apo arsye t\u00eb tjera p\u00ebr t\u00eb cilat kan\u00eb v\u00ebn\u00eb m\u00eb par\u00eb n\u00eb dijeni epror\u00ebt, por jo vet\u00ebm k\u00ebshtu nuk ndodh, por ndodh fatkeq\u00ebsisht q\u00eb edhe q\u00eb drejtor\u00eb e shefa komisariatesh, t\u00eb ken\u00eb kontakte t\u00eb pap\u00ebrshtatshme n\u00ebp\u00ebr lokale, ku deri edhe u p\u00ebrcillen kriminel\u00ebve informacione sensitive t\u00eb pun\u00ebs dhe t\u00eb aksioneve policore. Natyrisht edhe n\u00eb rrug\u00eb t\u00eb tjera, po kjo rrug\u00eb q\u00eb po them \u00ebsht\u00eb p\u00ebrve\u00e7se po aq skandaloze sa t\u00eb tjerat, edhe nj\u00eb karsh\u00ebll\u00ebk posht\u00ebrues p\u00ebr gjakun e D\u00ebshmor\u00ebve t\u00eb Policis\u00eb s\u00eb Shtetit dhe p\u00ebr \u00e7do qytetar t\u00eb Republik\u00ebs s\u00eb Shqip\u00ebris\u00eb, p\u00ebrve\u00e7\u00ebse \u00ebsht\u00eb edhe shembulli m\u00eb i keq dhe m\u00eb demotivues p\u00ebr punonj\u00ebsit e Policis\u00eb s\u00eb Shtetit n\u00eb vart\u00ebsin\u00eb e drejtor\u00ebve e shefave t\u00eb k\u00ebtij profili kaq t\u00eb ul\u00ebt moral\u201d,<\/em> tha ministri Balla.<\/p>\n","protected":false},"excerpt":{"rendered":"<p>Ministri i Brendsh\u00ebm, Taulant Balla, ka hedhur akuza t\u00eb forta duke th\u00ebn\u00eb se drejtor\u00eb e shefa komisariatesh ulen n\u00eb lokale me kriminel\u00eb, duke u dh\u00ebn\u00eb atyre informacione sensitive t\u00eb pun\u00ebs dhe t\u00eb aksioneve policore. Balla u shpreh se punonj\u00ebsit e policis\u00eb jo vet\u00ebm q\u00eb nuk duhet t\u00eb ulen n\u00eb lokal n\u00eb orar pune, por ato [&hellip;]<\/p>\n","protected":false},"author":5,"featured_media":62844,"comment_status":"closed","ping_status":"closed","sticky":false,"template":"","format":"standard","meta":{"footnotes":""},"categories":[1,6332],"tags":[25129,25128],"class_list":{"0":"post-62843","1":"post","2":"type-post","3":"status-publish","4":"format-standard","5":"has-post-thumbnail","7":"category-aktualitet","8":"category-te-fundit","9":"tag-ata-smund-te-ulen-ne-lokale-as-gjate-dhe-as-pas-pune","10":"tag-ministri-balla-ka-shefa-policie-qe-hane-e-pine-me-kriminele"},"_links":{"self":[{"href":"https:\/\/jugulajm.net\/index.php?rest_route=\/wp\/v2\/posts\/62843","targetHints":{"allow":["GET"]}}],"collection":[{"href":"https:\/\/jugulajm.net\/index.php?rest_route=\/wp\/v2\/posts"}],"about":[{"href":"https:\/\/jugulajm.net\/index.php?rest_route=\/wp\/v2\/types\/post"}],"author":[{"embeddable":true,"href":"https:\/\/jugulajm.net\/index.php?rest_route=\/wp\/v2\/users\/5"}],"replies":[{"embeddable":true,"href":"https:\/\/jugulajm.net\/index.php?rest_route=%2Fwp%2Fv2%2Fcomments&post=62843"}],"version-history":[{"count":0,"href":"https:\/\/jugulajm.net\/index.php?rest_route=\/wp\/v2\/posts\/62843\/revisions"}],"wp:featuredmedia":[{"embeddable":true,"href":"https:\/\/jugulajm.net\/index.php?rest_route=\/wp\/v2\/media\/62844"}],"wp:attachment":[{"href":"https:\/\/jugulajm.net\/index.php?rest_route=%2Fwp%2Fv2%2Fmedia&parent=62843"}],"wp:term":[{"taxonomy":"category","embeddable":true,"href":"https:\/\/jugulajm.net\/index.php?rest_route=%2Fwp%2Fv2%2Fcategories&post=62843"},{"taxonomy":"post_tag","embeddable":true,"href":"https:\/\/jugulajm.net\/index.php?rest_route=%2Fwp%2Fv2%2Ftags&post=62843"}],"curies":[{"name":"wp","href":"https:\/\/api.w.org\/{rel}","templated":true}]}}