{"id":62840,"date":"2023-07-24T17:48:20","date_gmt":"2023-07-24T15:48:20","guid":{"rendered":"https:\/\/jugulajm.net\/?p=62840"},"modified":"2023-07-24T17:50:01","modified_gmt":"2023-07-24T15:50:01","slug":"shehu-per-vendimin-e-kryesise-o-mjerane-pd-nuk-eshte-nje-vule-por","status":"publish","type":"post","link":"https:\/\/jugulajm.net\/?p=62840","title":{"rendered":"Shehu p\u00ebr vendimin e Kryesis\u00eb: O mjeran\u00eb, PD nuk \u00ebsht\u00eb nj\u00eb vul\u00eb, por&#8230;"},"content":{"rendered":"<p>Deputeti i Partis\u00eb Demokratike per Qarkun Gjirokjaster, Tritan Shehu, ka reaguar pas vendimit t\u00eb marr\u00eb nga Kryesia e PD-s\u00eb p\u00ebr heqjen e vul\u00ebs s\u00eb partis\u00eb, sekretarit t\u00eb P\u00ebrgjithsh\u00ebm Gazment Bardhi.<\/p>\n<p>N\u00eb nj\u00eb postim n\u00eb Facebook, Shehu ironizon vendimin e marr\u00eb nga Kryesia e PD-s\u00eb, ku shprehet se \u2018\u00ebsht\u00eb qesharake q\u00eb t\u00eb krijohet nj\u00eb vul\u00eb e re, kopje e sh\u00ebmtuar e origjinales\u2019. M\u00eb tej thot\u00eb se vula e re \u00ebsht\u00eb nj\u00eb kopje e sh\u00ebmtuar sipas sh\u00ebmb\u00eblltyr\u00ebs s\u00eb regjimit q\u00eb i sh\u00ebrben ve\u00e7 kryeministrit Edi Rama.<\/p>\n<p>Kujtojm\u00eb se Kryesia e mbledhur n\u00eb 18 korrik ka vendosur q\u00eb vula t\u00eb prodhohet dhe administrohet nga sekretari i \u00e7\u00ebshtjeve ligjore dhe zgjedhore Indrit Sefa.<\/p>\n<p><strong>Postimi i plot\u00eb i Shehut:<\/strong><\/p>\n<p>Per ata mjerane, qe kujtojne se PD eshte nje vule!<\/p>\n<p>Dhe me qesharakja cfare po lexoj tashti, mjeranet do te prodhokan nje \u201cvule\u201d te re, kopje te shemtuar te origjinales!<\/p>\n<p>O mjerane!<\/p>\n<p>Vula e PD eshte shume e vjeter tashme, prej dhejtorit 1990!<\/p>\n<p>Ajo eshte emblematike, e gjere, shume e gjere e gjithe perfshirese.<\/p>\n<p>Aq e rende ne peshen e saj sa qafa juaj nuk mund ta mbaje te varur ate..<\/p>\n<p>As dhe ju nuk mundeni, qofte edhe si paterice e Rames!<\/p>\n<p>Eshte aq e madhe sa xhepi juaj, nuk mund ta nxere\u2026<\/p>\n<p>Sa dhe trasta juaj eshte shume e vogel ne krahasaim me ate.<\/p>\n<p>Sepse ajo \u201cpermban brenda saj\u201d ata dhjetra mijra demokrate, qe kane luftuar per demokraci, perendim!<\/p>\n<p>Permban aq shume vlera, vlera per te cilat jo pak demokrate nuk jane me, sepse i dedikuan gjitheshka luftes me antivlerat.<\/p>\n<p>Me ato antivlera, te cilat po \u201cprodhojne\u201d per ju me nxitim ate \u201cvule te re\u201d.<\/p>\n<p>Por kjo eshte bosh brenda saj, si pupel e lehte, se antivlerat nuk peshojne e as zene dot hapesira ne histori.<\/p>\n<p>Eshte thjesht e mbushur plot me ato, sepse po jua pregatisin te tille\u2026sepse rregjimit i duhen vetem antivlerat!<\/p>\n<p>Kete po, mund ta varni reth qafes suaj, ta fusni ne xhep, ne traste, ku tjua vendosin.<\/p>\n<p>Por kjo nuk perfaqeson PD, nuk eshte PD, ajo e Dhjetorit, e idealeve demokratike e as e aq shume demokrateve.<\/p>\n<p>Eshte thjesht nje \u201ckopje e shemtuar\u201d simbas shembelltyres se Regjimit\u2026<\/p>\n<p>Qe i duhet vetem Rames e askujt tjeter\u2026.per te zezen e shqiptareve!<\/p>\n<p>Prandaj kushdo, qe ka akoma sado pak liri ne vetvehte, aspirata nga te dhejtorit e te PD ne terresi, duhet te kuptoje se ajo \u201cvule\u201d, qe po i pregatisin eshte \u201cvula\u201d e helmuar per demokracine tone, integrimin, te ardhmen!<\/p>\n","protected":false},"excerpt":{"rendered":"<p>Deputeti i Partis\u00eb Demokratike per Qarkun Gjirokjaster, Tritan Shehu, ka reaguar pas vendimit t\u00eb marr\u00eb nga Kryesia e PD-s\u00eb p\u00ebr heqjen e vul\u00ebs s\u00eb partis\u00eb, sekretarit t\u00eb P\u00ebrgjithsh\u00ebm Gazment Bardhi. N\u00eb nj\u00eb postim n\u00eb Facebook, Shehu ironizon vendimin e marr\u00eb nga Kryesia e PD-s\u00eb, ku shprehet se \u2018\u00ebsht\u00eb qesharake q\u00eb t\u00eb krijohet nj\u00eb vul\u00eb e [&hellip;]<\/p>\n","protected":false},"author":5,"featured_media":46300,"comment_status":"closed","ping_status":"closed","sticky":false,"template":"","format":"standard","meta":{"footnotes":""},"categories":[1,6326,6332],"tags":[25127,21429,25126],"class_list":{"0":"post-62840","1":"post","2":"type-post","3":"status-publish","4":"format-standard","5":"has-post-thumbnail","7":"category-aktualitet","8":"category-politike","9":"category-te-fundit","10":"tag-pd-nuk-eshte-nje-vule","11":"tag-por","12":"tag-shehu-per-vendimin-e-kryesise-o-mjerane"},"_links":{"self":[{"href":"https:\/\/jugulajm.net\/index.php?rest_route=\/wp\/v2\/posts\/62840","targetHints":{"allow":["GET"]}}],"collection":[{"href":"https:\/\/jugulajm.net\/index.php?rest_route=\/wp\/v2\/posts"}],"about":[{"href":"https:\/\/jugulajm.net\/index.php?rest_route=\/wp\/v2\/types\/post"}],"author":[{"embeddable":true,"href":"https:\/\/jugulajm.net\/index.php?rest_route=\/wp\/v2\/users\/5"}],"replies":[{"embeddable":true,"href":"https:\/\/jugulajm.net\/index.php?rest_route=%2Fwp%2Fv2%2Fcomments&post=62840"}],"version-history":[{"count":0,"href":"https:\/\/jugulajm.net\/index.php?rest_route=\/wp\/v2\/posts\/62840\/revisions"}],"wp:featuredmedia":[{"embeddable":true,"href":"https:\/\/jugulajm.net\/index.php?rest_route=\/wp\/v2\/media\/46300"}],"wp:attachment":[{"href":"https:\/\/jugulajm.net\/index.php?rest_route=%2Fwp%2Fv2%2Fmedia&parent=62840"}],"wp:term":[{"taxonomy":"category","embeddable":true,"href":"https:\/\/jugulajm.net\/index.php?rest_route=%2Fwp%2Fv2%2Fcategories&post=62840"},{"taxonomy":"post_tag","embeddable":true,"href":"https:\/\/jugulajm.net\/index.php?rest_route=%2Fwp%2Fv2%2Ftags&post=62840"}],"curies":[{"name":"wp","href":"https:\/\/api.w.org\/{rel}","templated":true}]}}