{"id":62805,"date":"2023-07-23T22:26:55","date_gmt":"2023-07-23T20:26:55","guid":{"rendered":"https:\/\/jugulajm.net\/?p=62805"},"modified":"2023-07-23T22:27:51","modified_gmt":"2023-07-23T20:27:51","slug":"emri-prangoset-55-vjecari-ngacmoi-seksualisht-25-vjecaren","status":"publish","type":"post","link":"https:\/\/jugulajm.net\/?p=62805","title":{"rendered":"EMRI\/ Prangoset 55-vje\u00e7ari, ngacmoi seksualisht 25-vje\u00e7aren"},"content":{"rendered":"<p>Nj\u00eb ngjarje e r\u00ebnd\u00eb \u00ebsht\u00eb sh\u00ebnuar n\u00eb Pogradec 1 dit\u00eb m\u00eb par\u00eb. Nj\u00eb 25 vje\u00e7are punonj\u00ebse n\u00eb nj\u00eb subjekt privat \u00ebsht\u00eb \u00e7uar pa ndjenja n\u00eb spitalin e Pogradecit.<\/p>\n<p>Pas referimit t\u00eb ngjarjes nga mjek\u00ebt n\u00eb polici, kjo e fundit ka nisur hetimet dhe ka marr\u00eb n\u00eb pyetje vajz\u00ebn pasi ajo ka marr\u00eb veten.<\/p>\n<p>Nga deklarimet e vajz\u00ebs rezultoi se ajo ishte ngacmuar seksualisht n\u00eb vendin e saj t\u00eb pun\u00ebs nga shtetasi Arian Mema dhe p\u00ebr pasoj\u00eb kishte humbur ndjenjat, e gjith\u00eb ngjarja kishte ndodhur, teksa Mema ka qen\u00eb duke montuar dushe n\u00eb subjektin ku vajza punonte si pastruese.<\/p>\n<p>Pas t\u00eb gjitha deklarimeve t\u00eb 25 vje\u00e7ares me origjin\u00eb nga Trebinja e Mokr\u00ebs, policia ka v\u00ebn\u00eb n\u00eb pranga 55 vje\u00e7arin.<\/p>\n<p>Arian Mema \u00ebsht\u00eb i njohur p\u00ebr policin\u00eb pasi p\u00ebr nj\u00eb ngjarje t\u00eb till\u00eb \u00ebsht\u00eb akuzuar edhe n\u00eb 2020, vit kur punonte si inspektor tatimesh n\u00eb Drejtorin\u00eb e Tatimeve t\u00eb Kor\u00e7\u00ebs.<\/p>\n<p>Pas arrestimit t\u00eb at\u00ebhersh\u00ebm ai u shkarkua nga puna dhe punonte n\u00eb sektor privat me shitje dhe montim dushesh diellor\u00eb.<\/p>\n<p>Tashm\u00eb pas 3 vitesh ai bie s\u00ebrish n\u00eb prangat e policis\u00eb s\u00ebrish me t\u00eb nj\u00ebt\u00ebn akuz\u00eb at\u00eb t\u00eb ngacmimit seksual.<\/p>\n<p>M\u00ebsohet se ai \u00ebsht\u00eb shoq\u00ebruar n\u00eb paraburgimin e Kor\u00e7\u00ebs nga ku m\u00eb pas do t\u00eb njihet n\u00eb vazhdim me mas\u00ebn e siguris\u00eb nga gjykata.<\/p>\n","protected":false},"excerpt":{"rendered":"<p>Nj\u00eb ngjarje e r\u00ebnd\u00eb \u00ebsht\u00eb sh\u00ebnuar n\u00eb Pogradec 1 dit\u00eb m\u00eb par\u00eb. Nj\u00eb 25 vje\u00e7are punonj\u00ebse n\u00eb nj\u00eb subjekt privat \u00ebsht\u00eb \u00e7uar pa ndjenja n\u00eb spitalin e Pogradecit. Pas referimit t\u00eb ngjarjes nga mjek\u00ebt n\u00eb polici, kjo e fundit ka nisur hetimet dhe ka marr\u00eb n\u00eb pyetje vajz\u00ebn pasi ajo ka marr\u00eb veten. Nga deklarimet [&hellip;]<\/p>\n","protected":false},"author":5,"featured_media":51462,"comment_status":"closed","ping_status":"closed","sticky":false,"template":"","format":"standard","meta":{"footnotes":""},"categories":[1,6332],"tags":[25108,25109],"class_list":{"0":"post-62805","1":"post","2":"type-post","3":"status-publish","4":"format-standard","5":"has-post-thumbnail","7":"category-aktualitet","8":"category-te-fundit","9":"tag-emri-prangoset-55-vjecari","10":"tag-ngacmoi-seksualisht-25-vjecaren"},"_links":{"self":[{"href":"https:\/\/jugulajm.net\/index.php?rest_route=\/wp\/v2\/posts\/62805","targetHints":{"allow":["GET"]}}],"collection":[{"href":"https:\/\/jugulajm.net\/index.php?rest_route=\/wp\/v2\/posts"}],"about":[{"href":"https:\/\/jugulajm.net\/index.php?rest_route=\/wp\/v2\/types\/post"}],"author":[{"embeddable":true,"href":"https:\/\/jugulajm.net\/index.php?rest_route=\/wp\/v2\/users\/5"}],"replies":[{"embeddable":true,"href":"https:\/\/jugulajm.net\/index.php?rest_route=%2Fwp%2Fv2%2Fcomments&post=62805"}],"version-history":[{"count":0,"href":"https:\/\/jugulajm.net\/index.php?rest_route=\/wp\/v2\/posts\/62805\/revisions"}],"wp:featuredmedia":[{"embeddable":true,"href":"https:\/\/jugulajm.net\/index.php?rest_route=\/wp\/v2\/media\/51462"}],"wp:attachment":[{"href":"https:\/\/jugulajm.net\/index.php?rest_route=%2Fwp%2Fv2%2Fmedia&parent=62805"}],"wp:term":[{"taxonomy":"category","embeddable":true,"href":"https:\/\/jugulajm.net\/index.php?rest_route=%2Fwp%2Fv2%2Fcategories&post=62805"},{"taxonomy":"post_tag","embeddable":true,"href":"https:\/\/jugulajm.net\/index.php?rest_route=%2Fwp%2Fv2%2Ftags&post=62805"}],"curies":[{"name":"wp","href":"https:\/\/api.w.org\/{rel}","templated":true}]}}