{"id":62789,"date":"2023-07-23T17:35:15","date_gmt":"2023-07-23T15:35:15","guid":{"rendered":"https:\/\/jugulajm.net\/?p=62789"},"modified":"2023-07-23T17:35:15","modified_gmt":"2023-07-23T15:35:15","slug":"41-vjecari-gjendet-i-vdekur-nga-fqinjet","status":"publish","type":"post","link":"https:\/\/jugulajm.net\/?p=62789","title":{"rendered":"41-vje\u00e7ari gjendet i vdekur nga fqinj\u00ebt"},"content":{"rendered":"<p>Nj\u00eb 41-vje\u00e7ar \u00ebsht\u00eb gjendur i pajet\u00eb k\u00ebt\u00eb t\u00eb diele, n\u00eb banes\u00ebn e tij n\u00eb Tiran\u00eb.<\/p>\n<p>Sipas informacioneve paraprake, m\u00ebsohet se shtetasi me inicialet A.H, 41-vje\u00e7 banues n\u00eb Tiran\u00eb \u00ebsht\u00eb gjetur i vdekur nga fqinj\u00ebt e tij n\u00eb ban\u00ebsen ku jetonte i vet\u00ebm n\u00eb lagjen \u201c5 Maji\u201d. Ai dyshohet se ka humbur jet\u00ebn p\u00ebr shkaqe natyrale.<\/p>\n<p>41-vje\u00e7ari jetonte i vet\u00ebm pa asnj\u00eb familjar rreth tij. Grupi hetimor ndodhet n\u00eb vendin e ngjarjes dhe po punon p\u00ebr zbardhjen e shkaqeve p\u00ebr vdekjen e tij.<\/p>\n<p><strong>Njoftimi i Policis\u00eb<\/strong><\/p>\n<p>Tiran\u00eb\/ Mesdit\u00ebn e sotme, n\u00eb lagjen \u201c5 Maji\u201d, \u00ebsht\u00eb gjetur i pajet\u00eb nga fqinj\u00ebt, n\u00eb banes\u00ebn ku jetonte vet\u00ebm, shtetasi A. H., 41 vje\u00e7, i cili paraprakisht dyshohet se ka humbur jet\u00ebn, p\u00ebr shkaqe natyrale.<\/p>\n<p>Grupi hetimor vijon pun\u00ebn p\u00ebr p\u00ebrcaktimin e shkakut t\u00eb humbjes s\u00eb jet\u00ebs.<\/p>\n","protected":false},"excerpt":{"rendered":"<p>Nj\u00eb 41-vje\u00e7ar \u00ebsht\u00eb gjendur i pajet\u00eb k\u00ebt\u00eb t\u00eb diele, n\u00eb banes\u00ebn e tij n\u00eb Tiran\u00eb. Sipas informacioneve paraprake, m\u00ebsohet se shtetasi me inicialet A.H, 41-vje\u00e7 banues n\u00eb Tiran\u00eb \u00ebsht\u00eb gjetur i vdekur nga fqinj\u00ebt e tij n\u00eb ban\u00ebsen ku jetonte i vet\u00ebm n\u00eb lagjen \u201c5 Maji\u201d. Ai dyshohet se ka humbur jet\u00ebn p\u00ebr shkaqe natyrale. [&hellip;]<\/p>\n","protected":false},"author":5,"featured_media":54477,"comment_status":"closed","ping_status":"closed","sticky":false,"template":"","format":"standard","meta":{"footnotes":""},"categories":[1,6332],"tags":[25100],"class_list":{"0":"post-62789","1":"post","2":"type-post","3":"status-publish","4":"format-standard","5":"has-post-thumbnail","7":"category-aktualitet","8":"category-te-fundit","9":"tag-41-vjecari-gjendet-i-vdekur-nga-fqinjet"},"_links":{"self":[{"href":"https:\/\/jugulajm.net\/index.php?rest_route=\/wp\/v2\/posts\/62789","targetHints":{"allow":["GET"]}}],"collection":[{"href":"https:\/\/jugulajm.net\/index.php?rest_route=\/wp\/v2\/posts"}],"about":[{"href":"https:\/\/jugulajm.net\/index.php?rest_route=\/wp\/v2\/types\/post"}],"author":[{"embeddable":true,"href":"https:\/\/jugulajm.net\/index.php?rest_route=\/wp\/v2\/users\/5"}],"replies":[{"embeddable":true,"href":"https:\/\/jugulajm.net\/index.php?rest_route=%2Fwp%2Fv2%2Fcomments&post=62789"}],"version-history":[{"count":0,"href":"https:\/\/jugulajm.net\/index.php?rest_route=\/wp\/v2\/posts\/62789\/revisions"}],"wp:featuredmedia":[{"embeddable":true,"href":"https:\/\/jugulajm.net\/index.php?rest_route=\/wp\/v2\/media\/54477"}],"wp:attachment":[{"href":"https:\/\/jugulajm.net\/index.php?rest_route=%2Fwp%2Fv2%2Fmedia&parent=62789"}],"wp:term":[{"taxonomy":"category","embeddable":true,"href":"https:\/\/jugulajm.net\/index.php?rest_route=%2Fwp%2Fv2%2Fcategories&post=62789"},{"taxonomy":"post_tag","embeddable":true,"href":"https:\/\/jugulajm.net\/index.php?rest_route=%2Fwp%2Fv2%2Ftags&post=62789"}],"curies":[{"name":"wp","href":"https:\/\/api.w.org\/{rel}","templated":true}]}}