{"id":62785,"date":"2023-07-23T16:26:49","date_gmt":"2023-07-23T14:26:49","guid":{"rendered":"https:\/\/jugulajm.net\/?p=62785"},"modified":"2023-07-23T16:31:05","modified_gmt":"2023-07-23T14:31:05","slug":"emri-shpallet-ne-kerkim-25-vjecari-te-ura-e-leklit-braktisi-makinen-me-emigrante","status":"publish","type":"post","link":"https:\/\/jugulajm.net\/?p=62785","title":{"rendered":"EMRI\/ Shpallet n\u00eb k\u00ebrkim 25-vje\u00e7ari, te &#8220;Ura e Leklit&#8221; braktisi makin\u00ebn me emigrant\u00eb"},"content":{"rendered":"<p>Nj\u00eb 25-vje\u00e7ar \u00ebsht\u00eb shpallur n\u00eb k\u00ebrkim pasi u konstatua nga policia e Gjirokastr\u00ebs, duke transportuar ilegalisht emigrant\u00eb jasht\u00eb kufirit kundrejt 500 eurove pages\u00eb.<\/p>\n<p>B\u00ebhet fjal\u00eb p\u00ebr shtetasin Genc Murati, i cili pasi e kuptoi se te vendi i quajtur &#8220;Ura e Leklit&#8221; ishte pikasur nga policia, ku si pasoje braktisi mjetin dhe u largua.<\/p>\n<p>Materialet p\u00ebr t\u00eb dyja rastet i kaluan Prokuroris\u00eb pran\u00eb Gjykat\u00ebs s\u00eb Shkall\u00ebs s\u00eb Par\u00eb t\u00eb Juridiksionit t\u00eb P\u00ebrgjithsh\u00ebm Gjirokast\u00ebr, p\u00ebr veprime t\u00eb m\u00ebtejshme.<\/p>\n","protected":false},"excerpt":{"rendered":"<p>Nj\u00eb 25-vje\u00e7ar \u00ebsht\u00eb shpallur n\u00eb k\u00ebrkim pasi u konstatua nga policia e Gjirokastr\u00ebs, duke transportuar ilegalisht emigrant\u00eb jasht\u00eb kufirit kundrejt 500 eurove pages\u00eb. B\u00ebhet fjal\u00eb p\u00ebr shtetasin Genc Murati, i cili pasi e kuptoi se te vendi i quajtur &#8220;Ura e Leklit&#8221; ishte pikasur nga policia, ku si pasoje braktisi mjetin dhe u largua. Materialet [&hellip;]<\/p>\n","protected":false},"author":5,"featured_media":51977,"comment_status":"closed","ping_status":"closed","sticky":false,"template":"","format":"standard","meta":{"footnotes":""},"categories":[1,6332],"tags":[25098,25099],"class_list":{"0":"post-62785","1":"post","2":"type-post","3":"status-publish","4":"format-standard","5":"has-post-thumbnail","7":"category-aktualitet","8":"category-te-fundit","9":"tag-emri-shpallet-ne-kerkim-25-vjecari","10":"tag-te-ura-e-leklit-braktisi-makinen-me-emigrante"},"_links":{"self":[{"href":"https:\/\/jugulajm.net\/index.php?rest_route=\/wp\/v2\/posts\/62785","targetHints":{"allow":["GET"]}}],"collection":[{"href":"https:\/\/jugulajm.net\/index.php?rest_route=\/wp\/v2\/posts"}],"about":[{"href":"https:\/\/jugulajm.net\/index.php?rest_route=\/wp\/v2\/types\/post"}],"author":[{"embeddable":true,"href":"https:\/\/jugulajm.net\/index.php?rest_route=\/wp\/v2\/users\/5"}],"replies":[{"embeddable":true,"href":"https:\/\/jugulajm.net\/index.php?rest_route=%2Fwp%2Fv2%2Fcomments&post=62785"}],"version-history":[{"count":0,"href":"https:\/\/jugulajm.net\/index.php?rest_route=\/wp\/v2\/posts\/62785\/revisions"}],"wp:featuredmedia":[{"embeddable":true,"href":"https:\/\/jugulajm.net\/index.php?rest_route=\/wp\/v2\/media\/51977"}],"wp:attachment":[{"href":"https:\/\/jugulajm.net\/index.php?rest_route=%2Fwp%2Fv2%2Fmedia&parent=62785"}],"wp:term":[{"taxonomy":"category","embeddable":true,"href":"https:\/\/jugulajm.net\/index.php?rest_route=%2Fwp%2Fv2%2Fcategories&post=62785"},{"taxonomy":"post_tag","embeddable":true,"href":"https:\/\/jugulajm.net\/index.php?rest_route=%2Fwp%2Fv2%2Ftags&post=62785"}],"curies":[{"name":"wp","href":"https:\/\/api.w.org\/{rel}","templated":true}]}}