{"id":62771,"date":"2023-07-23T12:27:01","date_gmt":"2023-07-23T10:27:01","guid":{"rendered":"https:\/\/jugulajm.net\/?p=62771"},"modified":"2023-07-23T12:27:36","modified_gmt":"2023-07-23T10:27:36","slug":"kelcyre-gjendet-i-pajete-62-vjecari-ja-dyshimet","status":"publish","type":"post","link":"https:\/\/jugulajm.net\/?p=62771","title":{"rendered":"K\u00eblcyr\u00eb\/ Gjendet i pajet\u00eb 62-vje\u00e7ari, ja dyshimet&#8230;"},"content":{"rendered":"<p>Specialist\u00ebt e Seksionit p\u00ebr Hetimin e Krimeve n\u00eb Komisariatin e Policis\u00eb P\u00ebrmet, referuan materialet n\u00eb Prokurori, pasi dit\u00ebn e djeshme, rreth or\u00ebs 10:30, n\u00eb vendin e quajtur \u201cP\u00ebrroi i thell\u00eb\u201d, n\u00eb fshatin Tolar, \u00ebsht\u00eb gjetur nga familjar\u00ebt e tij, pa shenja jeta dhe pa dhenja dhune, shtetasi S. S., 62 vje\u00e7, banues n\u00eb fshatin Tolar, K\u00eblcyr\u00eb.<\/p>\n<div class=\"td-a-ad id_inline_ad0 id_ad_content-horiz-center\">\n<div class=\"mobile-hide\" align=\"center\">\n<p>Nga veprimet e para hetimore rezultoi se ky shtetas ka humbur jet\u00ebn p\u00ebr shkaqe natyrale.<\/p>\n<\/div>\n<\/div>\n","protected":false},"excerpt":{"rendered":"<p>Specialist\u00ebt e Seksionit p\u00ebr Hetimin e Krimeve n\u00eb Komisariatin e Policis\u00eb P\u00ebrmet, referuan materialet n\u00eb Prokurori, pasi dit\u00ebn e djeshme, rreth or\u00ebs 10:30, n\u00eb vendin e quajtur \u201cP\u00ebrroi i thell\u00eb\u201d, n\u00eb fshatin Tolar, \u00ebsht\u00eb gjetur nga familjar\u00ebt e tij, pa shenja jeta dhe pa dhenja dhune, shtetasi S. S., 62 vje\u00e7, banues n\u00eb fshatin Tolar, [&hellip;]<\/p>\n","protected":false},"author":5,"featured_media":54477,"comment_status":"closed","ping_status":"closed","sticky":false,"template":"","format":"standard","meta":{"footnotes":""},"categories":[1,6332],"tags":[20344,25091],"class_list":{"0":"post-62771","1":"post","2":"type-post","3":"status-publish","4":"format-standard","5":"has-post-thumbnail","7":"category-aktualitet","8":"category-te-fundit","9":"tag-ja-dyshimet","10":"tag-kelcyre-gjendet-i-pajete-62-vjecari"},"_links":{"self":[{"href":"https:\/\/jugulajm.net\/index.php?rest_route=\/wp\/v2\/posts\/62771","targetHints":{"allow":["GET"]}}],"collection":[{"href":"https:\/\/jugulajm.net\/index.php?rest_route=\/wp\/v2\/posts"}],"about":[{"href":"https:\/\/jugulajm.net\/index.php?rest_route=\/wp\/v2\/types\/post"}],"author":[{"embeddable":true,"href":"https:\/\/jugulajm.net\/index.php?rest_route=\/wp\/v2\/users\/5"}],"replies":[{"embeddable":true,"href":"https:\/\/jugulajm.net\/index.php?rest_route=%2Fwp%2Fv2%2Fcomments&post=62771"}],"version-history":[{"count":0,"href":"https:\/\/jugulajm.net\/index.php?rest_route=\/wp\/v2\/posts\/62771\/revisions"}],"wp:featuredmedia":[{"embeddable":true,"href":"https:\/\/jugulajm.net\/index.php?rest_route=\/wp\/v2\/media\/54477"}],"wp:attachment":[{"href":"https:\/\/jugulajm.net\/index.php?rest_route=%2Fwp%2Fv2%2Fmedia&parent=62771"}],"wp:term":[{"taxonomy":"category","embeddable":true,"href":"https:\/\/jugulajm.net\/index.php?rest_route=%2Fwp%2Fv2%2Fcategories&post=62771"},{"taxonomy":"post_tag","embeddable":true,"href":"https:\/\/jugulajm.net\/index.php?rest_route=%2Fwp%2Fv2%2Ftags&post=62771"}],"curies":[{"name":"wp","href":"https:\/\/api.w.org\/{rel}","templated":true}]}}