{"id":62721,"date":"2023-07-22T09:55:07","date_gmt":"2023-07-22T07:55:07","guid":{"rendered":"https:\/\/jugulajm.net\/?p=62721"},"modified":"2023-07-22T09:55:07","modified_gmt":"2023-07-22T07:55:07","slug":"emri-greqi-var-veten-shqiptari-ne-rajonin-e-policise","status":"publish","type":"post","link":"https:\/\/jugulajm.net\/?p=62721","title":{"rendered":"EMRI\/ Greqi, var veten shqiptari n\u00eb rajonin e policis\u00eb"},"content":{"rendered":"<p>Nj\u00eb shtetas shqiptar \u00ebsht\u00eb gjetur pa shenja jete n\u00eb rajonin e policis\u00eb n\u00eb Kalkidha, 70 km n\u00eb veri-lindje t\u00eb Athin\u00ebs.<\/p>\n<p>B\u00ebhet me dije se b\u00ebhet fjal\u00eb p\u00ebr 52-vje\u00e7arin Kastriot Periku, nga Skrapari.<\/p>\n<p>Sipas policis\u00eb lokale, ngjarja ka ndodh gjat\u00eb or\u00ebve t\u00eb nat\u00ebs t\u00eb s\u00eb enjtes 20 korrik.<\/p>\n<p>Sipas njoftimit p\u00ebr shtyp t\u00eb drejtoris\u00eb s\u00eb policis\u00eb t\u00eb Kalkidh\u00ebs, shtetasi shqiptar ishte ndaluar prej policis\u00eb dhe mbahej n\u00eb biruc\u00eb p\u00ebr tu d\u00ebrguar n\u00eb gjykat\u00eb p\u00ebr mas\u00eb sigurie.<\/p>\n<p>N\u00eb rrethana q\u00eb ende nuk dihen,ai u gjet i varur me nj\u00eb \u00e7ar\u00e7af n\u00eb kangjellat e biruc\u00ebs.<\/p>\n<p>Menj\u00ebher\u00eb u d\u00ebrgua n\u00eb spital por mjek\u00ebt nuk mund\u00ebn ta shp\u00ebtonin.<\/p>\n<p>Lidhur me incidentin prokuroria ka hapur nj\u00eb hetim nd\u00ebrsa polic\u00ebt dhe oficeri i roj\u00ebs jan\u00eb marr\u00eb t\u00eb pandehur n\u00ebn akuz\u00ebn e shkeljes s\u00eb rregullave t\u00eb sh\u00ebrbimit.<\/p>\n","protected":false},"excerpt":{"rendered":"<p>Nj\u00eb shtetas shqiptar \u00ebsht\u00eb gjetur pa shenja jete n\u00eb rajonin e policis\u00eb n\u00eb Kalkidha, 70 km n\u00eb veri-lindje t\u00eb Athin\u00ebs. B\u00ebhet me dije se b\u00ebhet fjal\u00eb p\u00ebr 52-vje\u00e7arin Kastriot Periku, nga Skrapari. Sipas policis\u00eb lokale, ngjarja ka ndodh gjat\u00eb or\u00ebve t\u00eb nat\u00ebs t\u00eb s\u00eb enjtes 20 korrik. Sipas njoftimit p\u00ebr shtyp t\u00eb drejtoris\u00eb s\u00eb policis\u00eb [&hellip;]<\/p>\n","protected":false},"author":5,"featured_media":47349,"comment_status":"closed","ping_status":"closed","sticky":false,"template":"","format":"standard","meta":{"footnotes":""},"categories":[1,6332],"tags":[23873,25067],"class_list":{"0":"post-62721","1":"post","2":"type-post","3":"status-publish","4":"format-standard","5":"has-post-thumbnail","7":"category-aktualitet","8":"category-te-fundit","9":"tag-emri-greqi","10":"tag-var-veten-shqiptari-ne-rajonin-e-policise"},"_links":{"self":[{"href":"https:\/\/jugulajm.net\/index.php?rest_route=\/wp\/v2\/posts\/62721","targetHints":{"allow":["GET"]}}],"collection":[{"href":"https:\/\/jugulajm.net\/index.php?rest_route=\/wp\/v2\/posts"}],"about":[{"href":"https:\/\/jugulajm.net\/index.php?rest_route=\/wp\/v2\/types\/post"}],"author":[{"embeddable":true,"href":"https:\/\/jugulajm.net\/index.php?rest_route=\/wp\/v2\/users\/5"}],"replies":[{"embeddable":true,"href":"https:\/\/jugulajm.net\/index.php?rest_route=%2Fwp%2Fv2%2Fcomments&post=62721"}],"version-history":[{"count":0,"href":"https:\/\/jugulajm.net\/index.php?rest_route=\/wp\/v2\/posts\/62721\/revisions"}],"wp:featuredmedia":[{"embeddable":true,"href":"https:\/\/jugulajm.net\/index.php?rest_route=\/wp\/v2\/media\/47349"}],"wp:attachment":[{"href":"https:\/\/jugulajm.net\/index.php?rest_route=%2Fwp%2Fv2%2Fmedia&parent=62721"}],"wp:term":[{"taxonomy":"category","embeddable":true,"href":"https:\/\/jugulajm.net\/index.php?rest_route=%2Fwp%2Fv2%2Fcategories&post=62721"},{"taxonomy":"post_tag","embeddable":true,"href":"https:\/\/jugulajm.net\/index.php?rest_route=%2Fwp%2Fv2%2Ftags&post=62721"}],"curies":[{"name":"wp","href":"https:\/\/api.w.org\/{rel}","templated":true}]}}