{"id":62714,"date":"2023-07-22T09:05:29","date_gmt":"2023-07-22T07:05:29","guid":{"rendered":"https:\/\/jugulajm.net\/?p=62714"},"modified":"2023-07-22T09:05:29","modified_gmt":"2023-07-22T07:05:29","slug":"ngjarja-e-rende-ne-liqenin-e-banjes-flet-shefi-i-zjarrfikeses-4-viktimat-nuk-dinin-not-dhe","status":"publish","type":"post","link":"https:\/\/jugulajm.net\/?p=62714","title":{"rendered":"Ngjarja e r\u00ebnd\u00eb n\u00eb liqenin e Banj\u00ebs, flet shefi i zjarrfik\u00ebses: 4 viktimat nuk dinin not dhe&#8230;"},"content":{"rendered":"<p>Ilir Llapushi, shefi i zjarrfik\u00ebses n\u00eb Gramsh, ka folur p\u00ebr mediat mbr\u00ebmjen e djeshme pas tragjedis\u00eb s\u00eb r\u00ebnd\u00eb ku mbet\u00ebn pa jet\u00eb kat\u00ebr an\u00ebtar\u00ebt e familj\u00ebs Zogu.<\/p>\n<p>Llapushi \u00ebsht\u00eb shprehur se n\u00eb liqen ka gropa t\u00eb rrezikshme e q\u00eb njer\u00ebzit q\u00eb nuk din\u00eb not nuk duhet t\u00eb futen fare n\u00eb liqen.<\/p>\n<p>Ai tha se n\u00eb liqen nuk mund t\u00eb ket\u00eb roje pasi nuk \u00ebsht\u00eb nj\u00eb ambient p\u00ebr t\u2019u lar\u00eb si plazhi, megjith\u00ebse dje si\u00e7 tha ai q\u00eblloi fati i keq i familjes Zogu, pasi dit\u00ebt e tjera ka pasur patrulla t\u00eb zjarrfik\u00ebsve n\u00eb liqen.<\/p>\n<p><em>Ngjarja \u00ebsht\u00eb shum\u00eb e r\u00ebnd\u00eb, babai me dy djemt\u00eb e vet ka ardhur p\u00ebr t\u2019u lar\u00eb dhe kan\u00eb t\u00ebrhequr nj\u00ebri-tjetrin. \u00cbsht\u00eb mbytur u pari, ka shkuar p\u00ebr t\u2019I ndihmuar i dyti, t\u00eb tre s\u2019kan\u00eb ditur not. Dhe u kat\u00ebrti nuk ka ditur not. K\u00ebtu ka pasur disa gropa q\u00eb jan\u00eb b\u00ebr\u00eb n\u00eb koh\u00ebn e HEC-it t\u00eb Banj\u00ebs dhe jan\u00eb t\u00eb menj\u00ebhershme dhe ata kur jan\u00eb futur p\u00ebr t\u2019u lar\u00eb nuk e kan\u00eb ditur. Ata kan\u00eb r\u00ebn\u00eb direkt \u00eb gropa e kan\u00eb t\u00ebrhequr nj\u00ebri tjetrin. Liqeni \u00ebsht\u00eb u thell\u00eb i gjithi nuk mund t\u00eb v\u00ebsh tabela informuese. Faktikisht liqeni nuk \u00ebsht\u00eb p\u00ebr t\u2019u lar\u00eb, nuk duhet t\u00eb hyjn\u00eb njer\u00ebzit q\u00eb nuk din\u00eb not. Ne si zjarrfik\u00ebs e patrullojm\u00eb dhe dje n\u00eb dark\u00eb k\u00ebtu kemi qen\u00eb se kemi nj\u00eb gomone, q\u00eb patrullojm\u00eb vazhdimisht, fatkeq\u00ebsisht sot nuk erdh\u00ebm, jo se do ta shp\u00ebtonim por sot nuk erdh\u00ebm e q\u00eblloi keq p\u00ebr familjet e tyre. Nuk \u00ebsht\u00eb plazh k\u00ebtu q\u00eb t\u00eb ket\u00eb roje, k\u00ebtu nuk lahet njeri fare. Nj\u00eb njeri q\u00eb nuk di not nuk duhet t\u00eb futet sidomos n\u00ebp\u00ebr liqene q\u00eb jan\u00eb t\u00eb rrezikshme.\u201d-<\/em>tha ai.<\/p>\n","protected":false},"excerpt":{"rendered":"<p>Ilir Llapushi, shefi i zjarrfik\u00ebses n\u00eb Gramsh, ka folur p\u00ebr mediat mbr\u00ebmjen e djeshme pas tragjedis\u00eb s\u00eb r\u00ebnd\u00eb ku mbet\u00ebn pa jet\u00eb kat\u00ebr an\u00ebtar\u00ebt e familj\u00ebs Zogu. Llapushi \u00ebsht\u00eb shprehur se n\u00eb liqen ka gropa t\u00eb rrezikshme e q\u00eb njer\u00ebzit q\u00eb nuk din\u00eb not nuk duhet t\u00eb futen fare n\u00eb liqen. Ai tha se n\u00eb [&hellip;]<\/p>\n","protected":false},"author":5,"featured_media":62715,"comment_status":"closed","ping_status":"closed","sticky":false,"template":"","format":"standard","meta":{"footnotes":""},"categories":[1,6332],"tags":[25065,25064],"class_list":{"0":"post-62714","1":"post","2":"type-post","3":"status-publish","4":"format-standard","5":"has-post-thumbnail","7":"category-aktualitet","8":"category-te-fundit","9":"tag-flet-shefi-i-zjarrfikeses-4-viktimat-nuk-dinin-not-dhe","10":"tag-ngjarja-e-rende-ne-liqenin-e-banjes"},"_links":{"self":[{"href":"https:\/\/jugulajm.net\/index.php?rest_route=\/wp\/v2\/posts\/62714","targetHints":{"allow":["GET"]}}],"collection":[{"href":"https:\/\/jugulajm.net\/index.php?rest_route=\/wp\/v2\/posts"}],"about":[{"href":"https:\/\/jugulajm.net\/index.php?rest_route=\/wp\/v2\/types\/post"}],"author":[{"embeddable":true,"href":"https:\/\/jugulajm.net\/index.php?rest_route=\/wp\/v2\/users\/5"}],"replies":[{"embeddable":true,"href":"https:\/\/jugulajm.net\/index.php?rest_route=%2Fwp%2Fv2%2Fcomments&post=62714"}],"version-history":[{"count":0,"href":"https:\/\/jugulajm.net\/index.php?rest_route=\/wp\/v2\/posts\/62714\/revisions"}],"wp:featuredmedia":[{"embeddable":true,"href":"https:\/\/jugulajm.net\/index.php?rest_route=\/wp\/v2\/media\/62715"}],"wp:attachment":[{"href":"https:\/\/jugulajm.net\/index.php?rest_route=%2Fwp%2Fv2%2Fmedia&parent=62714"}],"wp:term":[{"taxonomy":"category","embeddable":true,"href":"https:\/\/jugulajm.net\/index.php?rest_route=%2Fwp%2Fv2%2Fcategories&post=62714"},{"taxonomy":"post_tag","embeddable":true,"href":"https:\/\/jugulajm.net\/index.php?rest_route=%2Fwp%2Fv2%2Ftags&post=62714"}],"curies":[{"name":"wp","href":"https:\/\/api.w.org\/{rel}","templated":true}]}}