{"id":62653,"date":"2023-07-21T09:37:45","date_gmt":"2023-07-21T07:37:45","guid":{"rendered":"https:\/\/jugulajm.net\/?p=62653"},"modified":"2023-07-21T09:37:45","modified_gmt":"2023-07-21T07:37:45","slug":"emri-prangoset-ne-gjirokaster-sarandjoti-22-vjecar-ishte-i-shpallur-ne-kerkim","status":"publish","type":"post","link":"https:\/\/jugulajm.net\/?p=62653","title":{"rendered":"EMRI\/ Prangoset n\u00eb Gjirokast\u00ebr sarandjoti 22-vje\u00e7ar, ishte i shpallur n\u00eb k\u00ebrkim"},"content":{"rendered":"<p>Policia e Gjirokastr\u00ebs ka arrestuar nj\u00eb 22-vje\u00e7ar t\u00eb shpallur n\u00eb k\u00ebrkim, i cili kishte tentuar t\u00eb ndihmonte emigrant\u00eb nga vendet e treta q\u00eb t\u00eb kalonin ilegalisht kufirin, duke i transportuar me automjet, kundrejt pages\u00ebs.<\/p>\n<p>N\u00eb pranga \u00ebsht\u00eb v\u00ebn\u00eb shtetasi\u00a0Daniel Nela, banues n\u00eb Sarand\u00eb, i cili ishte shpallur n\u00eb k\u00ebrkim n\u00eb kuad\u00ebr t\u00eb operacionit policor t\u00eb koduar \u201cRoad Guard 25\u201d.<\/p>\n<p><em>\u201cGjat\u00eb operacionit t\u00eb zhvilluar n\u00eb muajin qershor t\u00eb vitit 2022, n\u00eb aksin rrugor Sk\u00ebrfic\u00eb-Ura e Kardhiqit, n\u00eb af\u00ebrsi t\u00eb fshatit \u00c7epun\u00eb, ky shtetas, duke drejtuar automjetin tip \u201cBenz\u201d, me t\u00eb cilin po transportonte 4 emigrant\u00eb t\u00eb paligjsh\u00ebm, sapo ka v\u00ebn\u00eb re se po ndiqej nga sh\u00ebrbimet e Policis\u00eb, ka braktisur automjetin dhe \u00ebsht\u00eb larguar.\u201d<\/em>\u00a0thuhet n\u00eb njoftimin e Policis\u00eb.<\/p>\n<p>Materialet procedurale i kaluan Prokuroris\u00eb Gjirokast\u00ebr, p\u00ebr veprime t\u00eb m\u00ebtejshme.<\/p>\n","protected":false},"excerpt":{"rendered":"<p>Policia e Gjirokastr\u00ebs ka arrestuar nj\u00eb 22-vje\u00e7ar t\u00eb shpallur n\u00eb k\u00ebrkim, i cili kishte tentuar t\u00eb ndihmonte emigrant\u00eb nga vendet e treta q\u00eb t\u00eb kalonin ilegalisht kufirin, duke i transportuar me automjet, kundrejt pages\u00ebs. N\u00eb pranga \u00ebsht\u00eb v\u00ebn\u00eb shtetasi\u00a0Daniel Nela, banues n\u00eb Sarand\u00eb, i cili ishte shpallur n\u00eb k\u00ebrkim n\u00eb kuad\u00ebr t\u00eb operacionit policor t\u00eb [&hellip;]<\/p>\n","protected":false},"author":5,"featured_media":51910,"comment_status":"closed","ping_status":"closed","sticky":false,"template":"","format":"standard","meta":{"footnotes":""},"categories":[1,6332],"tags":[25038,25039],"class_list":{"0":"post-62653","1":"post","2":"type-post","3":"status-publish","4":"format-standard","5":"has-post-thumbnail","7":"category-aktualitet","8":"category-te-fundit","9":"tag-emri-prangoset-ne-gjirokaster-sarandjoti-22-vjecar","10":"tag-ishte-i-shpallur-ne-kerkim"},"_links":{"self":[{"href":"https:\/\/jugulajm.net\/index.php?rest_route=\/wp\/v2\/posts\/62653","targetHints":{"allow":["GET"]}}],"collection":[{"href":"https:\/\/jugulajm.net\/index.php?rest_route=\/wp\/v2\/posts"}],"about":[{"href":"https:\/\/jugulajm.net\/index.php?rest_route=\/wp\/v2\/types\/post"}],"author":[{"embeddable":true,"href":"https:\/\/jugulajm.net\/index.php?rest_route=\/wp\/v2\/users\/5"}],"replies":[{"embeddable":true,"href":"https:\/\/jugulajm.net\/index.php?rest_route=%2Fwp%2Fv2%2Fcomments&post=62653"}],"version-history":[{"count":0,"href":"https:\/\/jugulajm.net\/index.php?rest_route=\/wp\/v2\/posts\/62653\/revisions"}],"wp:featuredmedia":[{"embeddable":true,"href":"https:\/\/jugulajm.net\/index.php?rest_route=\/wp\/v2\/media\/51910"}],"wp:attachment":[{"href":"https:\/\/jugulajm.net\/index.php?rest_route=%2Fwp%2Fv2%2Fmedia&parent=62653"}],"wp:term":[{"taxonomy":"category","embeddable":true,"href":"https:\/\/jugulajm.net\/index.php?rest_route=%2Fwp%2Fv2%2Fcategories&post=62653"},{"taxonomy":"post_tag","embeddable":true,"href":"https:\/\/jugulajm.net\/index.php?rest_route=%2Fwp%2Fv2%2Ftags&post=62653"}],"curies":[{"name":"wp","href":"https:\/\/api.w.org\/{rel}","templated":true}]}}