{"id":62651,"date":"2023-07-21T08:37:55","date_gmt":"2023-07-21T06:37:55","guid":{"rendered":"https:\/\/jugulajm.net\/?p=62651"},"modified":"2023-07-21T08:37:55","modified_gmt":"2023-07-21T06:37:55","slug":"moti-sot-vijon-vapa-e-madhe","status":"publish","type":"post","link":"https:\/\/jugulajm.net\/?p=62651","title":{"rendered":"Moti sot\/ Vijon vapa e madhe"},"content":{"rendered":"<div class=\"jeg_navbar_mobile_wrapper\">\n<div class=\"jeg_navbar_mobile notransition jeg_sticky_nav\" data-mode=\"pinned\">\n<div class=\"jeg_mobile_bottombar jeg_mobile_midbar jeg_container dark\">\n<div class=\"container\"><\/div>\n<\/div>\n<\/div>\n<\/div>\n<div class=\"post-wrapper\">\n<div class=\"post-wrap\">\n<div class=\"jeg_main \">\n<div class=\"jeg_container\">\n<div class=\"jeg_content jeg_singlepage\">\n<div class=\"container\">\n<div class=\"jeg_ad jeg_article jnews_article_top_ads\">\n<div class=\"ads-wrapper  \">\n<div class=\"ads_code\">\n<div align=\"center\"><ins id=\"revive-0-0\" data-revive-zoneid=\"647\" data-revive-id=\"a4773ca3a5b89dec07d98072a17323ee\" data-revive-seq=\"0\" data-revive-loaded=\"1\"><\/p>\n<div id=\"beacon_e1f637bc28\" style=\"text-align: left;\"><span style=\"background-color: initial;\">Shqip\u00ebria do t\u00eb vijoj\u00eb t\u00eb jet\u00eb n\u00ebn ndikimin e masave ajrore afrikane duke b\u00ebr\u00eb q\u00eb moti i kthjell\u00ebt dhe i nxeht\u00eb t\u00eb jet\u00eb dominant gjat\u00eb or\u00ebve t\u00eb paradites, por pjesa e dyt\u00eb e dit\u00ebs do t\u00eb sjell\u00eb vran\u00ebsira t\u00eb lehta n\u00eb t\u00eb gjith\u00eb zon\u00ebn malore duke l\u00ebn\u00eb zonat e ul\u00ebta dhe t\u00eb gjith\u00eb vij\u00ebn bregdetare n\u00ebn dominimin e motit t\u00eb kthjell\u00ebt dhe t\u00eb nxeht\u00eb.<\/span><\/div>\n<p><\/ins><\/div>\n<\/div>\n<\/div>\n<\/div>\n<div class=\"row\">\n<div class=\"jeg_main_content col-md-8\">\n<div class=\"jeg_inner_content\">\n<div class=\"entry-content no-share\">\n<div class=\"content-inner \">\n<div class=\"jeg_ad jeg_ad_article jnews_content_inline_ads  \">\n<div class=\"ads-wrapper align-center \">\n<div class=\"ads_code\">\n<div class=\"mobilee\" align=\"center\"><ins id=\"revive-0-3\" data-revive-zoneid=\"257\" data-revive-id=\"a4773ca3a5b89dec07d98072a17323ee\" data-revive-seq=\"3\" data-revive-loaded=\"1\"><\/p>\n<div id=\"beacon_5d841fa02e\"><img loading=\"lazy\" loading=\"lazy\" decoding=\"async\" src=\"https:\/\/reklama2.aplikacione.com\/www\/delivery\/lg.php?bannerid=0&amp;campaignid=0&amp;zoneid=257&amp;loc=https%3A%2F%2Fopinion.al%2Ftemperaturat-arrijne-deri-ne-43-grade-c-parashikimi-i-motit-per-sot-ne-vendin-tone%2F&amp;referer=https%3A%2F%2Fopinion.al%2F&amp;cb=5d841fa02e\" alt=\"\" width=\"0\" height=\"0\" \/><\/div>\n<p><\/ins><\/div>\n<\/div>\n<\/div>\n<\/div>\n<p>Gjat\u00eb nat\u00ebs pritet q\u00eb vran\u00ebsirat t\u00eb shtrihen n\u00eb t\u00eb gjith\u00eb vendin por nuk priten reshje.<\/p>\n<p>Temperaturat e ajrit vijojn\u00eb t\u00eb larta si n\u00eb m\u00ebngjes dhe n\u00eb mesdit\u00eb duke luhatur vlerat ditore nga 20\u00b0C deri n\u00eb 43\u00b0C.<\/p>\n<p>Era do t\u00eb fryj\u00eb mesatare me shpejt\u00ebsi mbi 30 km\/h nga drejtimi kryesisht Per\u00ebndimor dhe Jugper\u00ebndimor duke krijuar n\u00eb brigjet e Adriatikut dhe Jonit dallg\u00ebzim 3 ball\u00eb.<\/p>\n<\/div>\n<\/div>\n<\/div>\n<\/div>\n<\/div>\n<\/div>\n<\/div>\n<\/div>\n<\/div>\n<\/div>\n<\/div>\n","protected":false},"excerpt":{"rendered":"<p>Shqip\u00ebria do t\u00eb vijoj\u00eb t\u00eb jet\u00eb n\u00ebn ndikimin e masave ajrore afrikane duke b\u00ebr\u00eb q\u00eb moti i kthjell\u00ebt dhe i nxeht\u00eb t\u00eb jet\u00eb dominant gjat\u00eb or\u00ebve t\u00eb paradites, por pjesa e dyt\u00eb e dit\u00ebs do t\u00eb sjell\u00eb vran\u00ebsira t\u00eb lehta n\u00eb t\u00eb gjith\u00eb zon\u00ebn malore duke l\u00ebn\u00eb zonat e ul\u00ebta dhe t\u00eb gjith\u00eb vij\u00ebn bregdetare [&hellip;]<\/p>\n","protected":false},"author":5,"featured_media":47843,"comment_status":"closed","ping_status":"closed","sticky":false,"template":"","format":"standard","meta":{"footnotes":""},"categories":[7650,6332],"tags":[25037],"class_list":{"0":"post-62651","1":"post","2":"type-post","3":"status-publish","4":"format-standard","5":"has-post-thumbnail","7":"category-moti","8":"category-te-fundit","9":"tag-moti-sot-vijon-vapa-e-madhe"},"_links":{"self":[{"href":"https:\/\/jugulajm.net\/index.php?rest_route=\/wp\/v2\/posts\/62651","targetHints":{"allow":["GET"]}}],"collection":[{"href":"https:\/\/jugulajm.net\/index.php?rest_route=\/wp\/v2\/posts"}],"about":[{"href":"https:\/\/jugulajm.net\/index.php?rest_route=\/wp\/v2\/types\/post"}],"author":[{"embeddable":true,"href":"https:\/\/jugulajm.net\/index.php?rest_route=\/wp\/v2\/users\/5"}],"replies":[{"embeddable":true,"href":"https:\/\/jugulajm.net\/index.php?rest_route=%2Fwp%2Fv2%2Fcomments&post=62651"}],"version-history":[{"count":0,"href":"https:\/\/jugulajm.net\/index.php?rest_route=\/wp\/v2\/posts\/62651\/revisions"}],"wp:featuredmedia":[{"embeddable":true,"href":"https:\/\/jugulajm.net\/index.php?rest_route=\/wp\/v2\/media\/47843"}],"wp:attachment":[{"href":"https:\/\/jugulajm.net\/index.php?rest_route=%2Fwp%2Fv2%2Fmedia&parent=62651"}],"wp:term":[{"taxonomy":"category","embeddable":true,"href":"https:\/\/jugulajm.net\/index.php?rest_route=%2Fwp%2Fv2%2Fcategories&post=62651"},{"taxonomy":"post_tag","embeddable":true,"href":"https:\/\/jugulajm.net\/index.php?rest_route=%2Fwp%2Fv2%2Ftags&post=62651"}],"curies":[{"name":"wp","href":"https:\/\/api.w.org\/{rel}","templated":true}]}}