{"id":62621,"date":"2023-07-20T15:03:38","date_gmt":"2023-07-20T13:03:38","guid":{"rendered":"https:\/\/jugulajm.net\/?p=62621"},"modified":"2023-07-20T15:03:38","modified_gmt":"2023-07-20T13:03:38","slug":"kuvendi-digjet-nga-debatet-ndersa-rama-krihet-me-belinden-ne-kabrio","status":"publish","type":"post","link":"https:\/\/jugulajm.net\/?p=62621","title":{"rendered":"Kuvendi &#8221;digjet&#8221; nga debatet, nd\u00ebrsa Rama &#8221;krihet&#8221; me Belind\u00ebn n\u00eb kabrio"},"content":{"rendered":"<p>Nd\u00ebrsa n\u00eb Kuvend k\u00ebrkohet prania e tij p\u00ebr interpelanc\u00eb nga opozita, duket se kryeministri Rama po u b\u00ebn karshill\u00ebk atyre nga Dh\u00ebrmiu.<\/p>\n<p>M\u00eb her\u00ebt opozita e akuzoi se ai pop b\u00ebnte plazh n\u00eb Dh\u00ebrmi, nd\u00ebrsa Rama ka publikuar nj\u00eb video pak minuta m\u00eb par\u00eb bashk\u00eb me ministren Balluku, duke udh\u00ebtuar me nj\u00eb makin\u00eb me t\u00eb.<\/p>\n<p>Ai shkruan se akset e reja Orikum \u2013 Dukat dhe Palas\u00eb \u2013 Dh\u00ebrmi do t\u00eb leht\u00ebsojn\u00eb qarkullimin e automjeteve, n\u00eb k\u00ebt\u00eb periudh\u00eb fluksesh t\u00eb larta t\u00eb l\u00ebvizjes s\u00eb automjeteve.<\/p>\n","protected":false},"excerpt":{"rendered":"<p>Nd\u00ebrsa n\u00eb Kuvend k\u00ebrkohet prania e tij p\u00ebr interpelanc\u00eb nga opozita, duket se kryeministri Rama po u b\u00ebn karshill\u00ebk atyre nga Dh\u00ebrmiu. M\u00eb her\u00ebt opozita e akuzoi se ai pop b\u00ebnte plazh n\u00eb Dh\u00ebrmi, nd\u00ebrsa Rama ka publikuar nj\u00eb video pak minuta m\u00eb par\u00eb bashk\u00eb me ministren Balluku, duke udh\u00ebtuar me nj\u00eb makin\u00eb me t\u00eb. [&hellip;]<\/p>\n","protected":false},"author":5,"featured_media":62622,"comment_status":"closed","ping_status":"closed","sticky":false,"template":"","format":"standard","meta":{"footnotes":""},"categories":[1,6332],"tags":[25021,25022],"class_list":{"0":"post-62621","1":"post","2":"type-post","3":"status-publish","4":"format-standard","5":"has-post-thumbnail","7":"category-aktualitet","8":"category-te-fundit","9":"tag-kuvendi-digjet-nga-debatet","10":"tag-ndersa-rama-krihet-me-belinden-ne-kabrio"},"_links":{"self":[{"href":"https:\/\/jugulajm.net\/index.php?rest_route=\/wp\/v2\/posts\/62621","targetHints":{"allow":["GET"]}}],"collection":[{"href":"https:\/\/jugulajm.net\/index.php?rest_route=\/wp\/v2\/posts"}],"about":[{"href":"https:\/\/jugulajm.net\/index.php?rest_route=\/wp\/v2\/types\/post"}],"author":[{"embeddable":true,"href":"https:\/\/jugulajm.net\/index.php?rest_route=\/wp\/v2\/users\/5"}],"replies":[{"embeddable":true,"href":"https:\/\/jugulajm.net\/index.php?rest_route=%2Fwp%2Fv2%2Fcomments&post=62621"}],"version-history":[{"count":0,"href":"https:\/\/jugulajm.net\/index.php?rest_route=\/wp\/v2\/posts\/62621\/revisions"}],"wp:featuredmedia":[{"embeddable":true,"href":"https:\/\/jugulajm.net\/index.php?rest_route=\/wp\/v2\/media\/62622"}],"wp:attachment":[{"href":"https:\/\/jugulajm.net\/index.php?rest_route=%2Fwp%2Fv2%2Fmedia&parent=62621"}],"wp:term":[{"taxonomy":"category","embeddable":true,"href":"https:\/\/jugulajm.net\/index.php?rest_route=%2Fwp%2Fv2%2Fcategories&post=62621"},{"taxonomy":"post_tag","embeddable":true,"href":"https:\/\/jugulajm.net\/index.php?rest_route=%2Fwp%2Fv2%2Ftags&post=62621"}],"curies":[{"name":"wp","href":"https:\/\/api.w.org\/{rel}","templated":true}]}}