{"id":62577,"date":"2023-07-19T20:22:56","date_gmt":"2023-07-19T18:22:56","guid":{"rendered":"https:\/\/jugulajm.net\/?p=62577"},"modified":"2023-07-19T20:22:56","modified_gmt":"2023-07-19T18:22:56","slug":"foto-vrasja-ne-lezhe-ja-kush-eshte-viktima","status":"publish","type":"post","link":"https:\/\/jugulajm.net\/?p=62577","title":{"rendered":"FOTO\/ Vrasja n\u00eb Lezh\u00eb, ja kush \u00ebsht\u00eb viktima"},"content":{"rendered":"<p>Personi n\u00eb foto \u00ebsht\u00eb Nikolin Lekstakaj, 42-vje\u00e7ari i cili\u00a0u vra me arm\u00eb zjarri pasditen e sotme n\u00eb Balldre t\u00eb Lezh\u00ebs.<\/p>\n<p>Dyshohet se 43-vje\u00e7ari \u00ebsht\u00eb q\u00eblluar me bresh\u00ebri pas daljes nga marketi nga nj\u00eb automjet n\u00eb l\u00ebvizje. Sipas d\u00ebshmitar\u00ebve, automjeti ishte me xhama t\u00eb zinj dhe prej aty ka q\u00eblluar nj\u00eb qit\u00ebs.<\/p>\n<p>Dyshimet e para jan\u00eb se krimi vjen si hakmarrje p\u00ebr vrasjen e biznesmenit Ardian Nikulaj, m\u00eb 19 Prill. K\u00ebt\u00eb e konfirmoi vet\u00eb drejtori i Policis\u00eb vendore t\u00eb Lezh\u00ebs.<\/p>\n<p><em>\u201cDyshojm\u00eb p\u00ebr hakmarrje ose gjakmarrje\u201d<\/em>, tha ai n\u00eb nj\u00eb prononcim p\u00ebr gazetar\u00ebt nga vendngjarja.<\/p>\n","protected":false},"excerpt":{"rendered":"<p>Personi n\u00eb foto \u00ebsht\u00eb Nikolin Lekstakaj, 42-vje\u00e7ari i cili\u00a0u vra me arm\u00eb zjarri pasditen e sotme n\u00eb Balldre t\u00eb Lezh\u00ebs. Dyshohet se 43-vje\u00e7ari \u00ebsht\u00eb q\u00eblluar me bresh\u00ebri pas daljes nga marketi nga nj\u00eb automjet n\u00eb l\u00ebvizje. Sipas d\u00ebshmitar\u00ebve, automjeti ishte me xhama t\u00eb zinj dhe prej aty ka q\u00eblluar nj\u00eb qit\u00ebs. Dyshimet e para jan\u00eb [&hellip;]<\/p>\n","protected":false},"author":5,"featured_media":62578,"comment_status":"closed","ping_status":"closed","sticky":false,"template":"","format":"standard","meta":{"footnotes":""},"categories":[1,6332],"tags":[24997,24998],"class_list":{"0":"post-62577","1":"post","2":"type-post","3":"status-publish","4":"format-standard","5":"has-post-thumbnail","7":"category-aktualitet","8":"category-te-fundit","9":"tag-foto-vrasja-ne-lezhe","10":"tag-ja-kush-eshte-viktima"},"_links":{"self":[{"href":"https:\/\/jugulajm.net\/index.php?rest_route=\/wp\/v2\/posts\/62577","targetHints":{"allow":["GET"]}}],"collection":[{"href":"https:\/\/jugulajm.net\/index.php?rest_route=\/wp\/v2\/posts"}],"about":[{"href":"https:\/\/jugulajm.net\/index.php?rest_route=\/wp\/v2\/types\/post"}],"author":[{"embeddable":true,"href":"https:\/\/jugulajm.net\/index.php?rest_route=\/wp\/v2\/users\/5"}],"replies":[{"embeddable":true,"href":"https:\/\/jugulajm.net\/index.php?rest_route=%2Fwp%2Fv2%2Fcomments&post=62577"}],"version-history":[{"count":0,"href":"https:\/\/jugulajm.net\/index.php?rest_route=\/wp\/v2\/posts\/62577\/revisions"}],"wp:featuredmedia":[{"embeddable":true,"href":"https:\/\/jugulajm.net\/index.php?rest_route=\/wp\/v2\/media\/62578"}],"wp:attachment":[{"href":"https:\/\/jugulajm.net\/index.php?rest_route=%2Fwp%2Fv2%2Fmedia&parent=62577"}],"wp:term":[{"taxonomy":"category","embeddable":true,"href":"https:\/\/jugulajm.net\/index.php?rest_route=%2Fwp%2Fv2%2Fcategories&post=62577"},{"taxonomy":"post_tag","embeddable":true,"href":"https:\/\/jugulajm.net\/index.php?rest_route=%2Fwp%2Fv2%2Ftags&post=62577"}],"curies":[{"name":"wp","href":"https:\/\/api.w.org\/{rel}","templated":true}]}}