{"id":62568,"date":"2023-07-19T18:17:17","date_gmt":"2023-07-19T16:17:17","guid":{"rendered":"https:\/\/jugulajm.net\/?p=62568"},"modified":"2023-07-19T18:17:17","modified_gmt":"2023-07-19T16:17:17","slug":"gjendet-i-mbytur-ne-lum-75-vjecari-familja-e-kerkonte-prej-2-ditesh","status":"publish","type":"post","link":"https:\/\/jugulajm.net\/?p=62568","title":{"rendered":"Gjendet i mbytur n\u00eb lum 75-vje\u00e7ari, familja e k\u00ebrkonte prej 2 dit\u00ebsh"},"content":{"rendered":"<p>Gjendet i mbytur n\u00eb shtratin e lumit Devoll nj\u00eb 75-vje\u00e7ar, i cili dy dit\u00eb m\u00eb par\u00eb ishte denoncuar si i zhdukur nga djali i tij.<\/p>\n<p>I moshuari dyshohet se \u00ebsht\u00eb mbytur, nd\u00ebrsa nga kqyrja paraprake e trupit nuk jan\u00eb konstatuar shenja dhune.<\/p>\n<p><strong>Njoftimi i policis\u00eb:<\/strong><\/p>\n<p>Gramsh\/ Informacion paraprak<\/p>\n<p>M\u00eb dat\u00eb 19.07.2023, n\u00eb fshatin Pishaj, n\u00eb shtratin e lumit Devoll, \u00ebsht\u00eb gjetur i pa jet\u00eb, shtetasi , 75 vje\u00e7, banues n\u00eb Gramsh, i cili dyshohet se \u00ebsht\u00eb mbytur n\u00eb lum\u00eb.<\/p>\n<p>Nga kqyrja paraprake e trupit t\u00eb 75-vje\u00e7arit, nuk jan\u00eb konstatuar shenja dhune.<\/p>\n<p>P\u00ebr k\u00ebt\u00eb shtetas, m\u00eb dat\u00eb 17.07.2023, ka b\u00ebr\u00eb kall\u00ebzim n\u00eb Polici, djali i tij shtetasi 43 vje\u00e7, ku ka deklaruar se \u00ebsht\u00eb larguar nga banesa babi i tij dhe nuk \u00ebsht\u00eb kthyer m\u00eb.<\/p>\n<p>Grupi hetimor po punon p\u00ebr dokumentimin e plot\u00eb t\u00eb rrethanave t\u00eb ngjarjes.<\/p>\n","protected":false},"excerpt":{"rendered":"<p>Gjendet i mbytur n\u00eb shtratin e lumit Devoll nj\u00eb 75-vje\u00e7ar, i cili dy dit\u00eb m\u00eb par\u00eb ishte denoncuar si i zhdukur nga djali i tij. I moshuari dyshohet se \u00ebsht\u00eb mbytur, nd\u00ebrsa nga kqyrja paraprake e trupit nuk jan\u00eb konstatuar shenja dhune. Njoftimi i policis\u00eb: Gramsh\/ Informacion paraprak M\u00eb dat\u00eb 19.07.2023, n\u00eb fshatin Pishaj, n\u00eb [&hellip;]<\/p>\n","protected":false},"author":5,"featured_media":54787,"comment_status":"closed","ping_status":"closed","sticky":false,"template":"","format":"standard","meta":{"footnotes":""},"categories":[1,6332],"tags":[24991,24990],"class_list":{"0":"post-62568","1":"post","2":"type-post","3":"status-publish","4":"format-standard","5":"has-post-thumbnail","7":"category-aktualitet","8":"category-te-fundit","9":"tag-familja-e-kerkonte-prej-2-ditesh","10":"tag-gjendet-i-mbytur-ne-lum-75-vjecari"},"_links":{"self":[{"href":"https:\/\/jugulajm.net\/index.php?rest_route=\/wp\/v2\/posts\/62568","targetHints":{"allow":["GET"]}}],"collection":[{"href":"https:\/\/jugulajm.net\/index.php?rest_route=\/wp\/v2\/posts"}],"about":[{"href":"https:\/\/jugulajm.net\/index.php?rest_route=\/wp\/v2\/types\/post"}],"author":[{"embeddable":true,"href":"https:\/\/jugulajm.net\/index.php?rest_route=\/wp\/v2\/users\/5"}],"replies":[{"embeddable":true,"href":"https:\/\/jugulajm.net\/index.php?rest_route=%2Fwp%2Fv2%2Fcomments&post=62568"}],"version-history":[{"count":0,"href":"https:\/\/jugulajm.net\/index.php?rest_route=\/wp\/v2\/posts\/62568\/revisions"}],"wp:featuredmedia":[{"embeddable":true,"href":"https:\/\/jugulajm.net\/index.php?rest_route=\/wp\/v2\/media\/54787"}],"wp:attachment":[{"href":"https:\/\/jugulajm.net\/index.php?rest_route=%2Fwp%2Fv2%2Fmedia&parent=62568"}],"wp:term":[{"taxonomy":"category","embeddable":true,"href":"https:\/\/jugulajm.net\/index.php?rest_route=%2Fwp%2Fv2%2Fcategories&post=62568"},{"taxonomy":"post_tag","embeddable":true,"href":"https:\/\/jugulajm.net\/index.php?rest_route=%2Fwp%2Fv2%2Ftags&post=62568"}],"curies":[{"name":"wp","href":"https:\/\/api.w.org\/{rel}","templated":true}]}}