{"id":62564,"date":"2023-07-19T16:33:23","date_gmt":"2023-07-19T14:33:23","guid":{"rendered":"https:\/\/jugulajm.net\/?p=62564"},"modified":"2023-07-19T16:33:23","modified_gmt":"2023-07-19T14:33:23","slug":"lajm-i-fundit-13-vjecari-gjendet-i-pajete-brenda-makines-ne-garazhin-e-baneses","status":"publish","type":"post","link":"https:\/\/jugulajm.net\/?p=62564","title":{"rendered":"LAJM I FUNDIT\/ 13-vje\u00e7ari gjendet i pajet\u00eb brenda makin\u00ebs n\u00eb garazhin e banes\u00ebs"},"content":{"rendered":"<p>Nj\u00eb ngjarje e r\u00ebnd\u00eb ka ndodhur n\u00eb Tiran\u00eb pak minuta m\u00eb par\u00eb. Sipas njoftimit t\u00eb policis\u00eb ka humbur jet\u00ebn nj\u00eb f\u00ebmij\u00eb i\u00a0 mosh\u00ebs 13 vje\u00e7are.<\/p>\n<p>Nga dyshimet e para i mituri ka nd\u00ebrruar jet\u00eb si pasoj\u00eb e asfiksimit.<\/p>\n<p><strong>Njoftimi i policis\u00eb:<\/strong><\/p>\n<p><em>Nj\u00eb ngjarje e r\u00ebnd\u00eb ka ndodhur n\u00eb periferi t\u00eb Tiran\u00ebs, ku ka humbur jet\u00ebn nj\u00eb 13-vje\u00e7ar.<\/em><\/p>\n<p><em>M\u00eb dat\u00eb 19.07.2023, n\u00eb Babrru, \u00ebsht\u00eb gjetur nga familjar\u00ebt, brenda automjetit n\u00eb garazhin e banes\u00ebs, pa shenja jete, nj\u00eb shtetas i mitur 13 vje\u00e7<\/em><\/p>\n<p><em>Paraprakisht dyshohet se vdekja \u00ebsht\u00eb shkaktuar nga asfiksia.<\/em><\/p>\n<p><em>Grupi hetimor po punon p\u00ebr sqarimin e rrethanave t\u00eb ngjarjes.<\/em><\/p>\n","protected":false},"excerpt":{"rendered":"<p>Nj\u00eb ngjarje e r\u00ebnd\u00eb ka ndodhur n\u00eb Tiran\u00eb pak minuta m\u00eb par\u00eb. Sipas njoftimit t\u00eb policis\u00eb ka humbur jet\u00ebn nj\u00eb f\u00ebmij\u00eb i\u00a0 mosh\u00ebs 13 vje\u00e7are. Nga dyshimet e para i mituri ka nd\u00ebrruar jet\u00eb si pasoj\u00eb e asfiksimit. Njoftimi i policis\u00eb: Nj\u00eb ngjarje e r\u00ebnd\u00eb ka ndodhur n\u00eb periferi t\u00eb Tiran\u00ebs, ku ka humbur jet\u00ebn [&hellip;]<\/p>\n","protected":false},"author":5,"featured_media":55172,"comment_status":"closed","ping_status":"closed","sticky":false,"template":"","format":"standard","meta":{"footnotes":""},"categories":[1,6332],"tags":[24988],"class_list":{"0":"post-62564","1":"post","2":"type-post","3":"status-publish","4":"format-standard","5":"has-post-thumbnail","7":"category-aktualitet","8":"category-te-fundit","9":"tag-lajm-i-fundit-13-vjecari-gjendet-i-pajete-brenda-makines-ne-garazhin-e-baneses"},"_links":{"self":[{"href":"https:\/\/jugulajm.net\/index.php?rest_route=\/wp\/v2\/posts\/62564","targetHints":{"allow":["GET"]}}],"collection":[{"href":"https:\/\/jugulajm.net\/index.php?rest_route=\/wp\/v2\/posts"}],"about":[{"href":"https:\/\/jugulajm.net\/index.php?rest_route=\/wp\/v2\/types\/post"}],"author":[{"embeddable":true,"href":"https:\/\/jugulajm.net\/index.php?rest_route=\/wp\/v2\/users\/5"}],"replies":[{"embeddable":true,"href":"https:\/\/jugulajm.net\/index.php?rest_route=%2Fwp%2Fv2%2Fcomments&post=62564"}],"version-history":[{"count":0,"href":"https:\/\/jugulajm.net\/index.php?rest_route=\/wp\/v2\/posts\/62564\/revisions"}],"wp:featuredmedia":[{"embeddable":true,"href":"https:\/\/jugulajm.net\/index.php?rest_route=\/wp\/v2\/media\/55172"}],"wp:attachment":[{"href":"https:\/\/jugulajm.net\/index.php?rest_route=%2Fwp%2Fv2%2Fmedia&parent=62564"}],"wp:term":[{"taxonomy":"category","embeddable":true,"href":"https:\/\/jugulajm.net\/index.php?rest_route=%2Fwp%2Fv2%2Fcategories&post=62564"},{"taxonomy":"post_tag","embeddable":true,"href":"https:\/\/jugulajm.net\/index.php?rest_route=%2Fwp%2Fv2%2Ftags&post=62564"}],"curies":[{"name":"wp","href":"https:\/\/api.w.org\/{rel}","templated":true}]}}