{"id":62559,"date":"2023-07-19T14:00:28","date_gmt":"2023-07-19T12:00:28","guid":{"rendered":"https:\/\/jugulajm.net\/?p=62559"},"modified":"2023-07-19T14:00:28","modified_gmt":"2023-07-19T12:00:28","slug":"u-perplas-me-makine-nga-nje-shofer-i-dehur-humb-jeten-23-vjecari-me-motor","status":"publish","type":"post","link":"https:\/\/jugulajm.net\/?p=62559","title":{"rendered":"U p\u00ebrplas me makin\u00eb nga nj\u00eb shofer i dehur, humb jet\u00ebn 23-vje\u00e7ari me motor"},"content":{"rendered":"<p>Nj\u00eb i ri ka humbur jet\u00ebn n\u00eb nj\u00eb aksident rrugor n\u00eb fshatin Bultic\u00eb t\u00eb Tiran\u00ebs. Viktima \u00ebsht\u00eb 23-vje\u00e7ari me iniciale L.T.<\/p>\n<p>I ndjeri ishte n\u00eb drejtimin e nj\u00eb motori kur u p\u00ebrplas nga nj\u00eb makin\u00eb tip Audi.<\/p>\n<p>P\u00ebr shkak t\u00eb p\u00ebrplasjes, 23-vje\u00e7ari humbi jet\u00ebn.<\/p>\n<p>Nd\u00ebrsa shoferi i makin\u00ebs, A.Sh. 53 vje\u00e7, \u00ebsht\u00eb arrestuar nga policia pasi drejtonte mjetin n\u00eb gjendje t\u00eb dehur.<\/p>\n<p>Sipas policis\u00eb, 53-vje\u00e7ari humbi kontrollin e makin\u00ebs dhe p\u00ebrplasi motorin duke i shkaktuar vdekjen drejtuesit.<\/p>\n","protected":false},"excerpt":{"rendered":"<p>Nj\u00eb i ri ka humbur jet\u00ebn n\u00eb nj\u00eb aksident rrugor n\u00eb fshatin Bultic\u00eb t\u00eb Tiran\u00ebs. Viktima \u00ebsht\u00eb 23-vje\u00e7ari me iniciale L.T. I ndjeri ishte n\u00eb drejtimin e nj\u00eb motori kur u p\u00ebrplas nga nj\u00eb makin\u00eb tip Audi. P\u00ebr shkak t\u00eb p\u00ebrplasjes, 23-vje\u00e7ari humbi jet\u00ebn. Nd\u00ebrsa shoferi i makin\u00ebs, A.Sh. 53 vje\u00e7, \u00ebsht\u00eb arrestuar nga policia [&hellip;]<\/p>\n","protected":false},"author":5,"featured_media":52295,"comment_status":"closed","ping_status":"closed","sticky":false,"template":"","format":"standard","meta":{"footnotes":""},"categories":[1,6332],"tags":[24986,24985],"class_list":{"0":"post-62559","1":"post","2":"type-post","3":"status-publish","4":"format-standard","5":"has-post-thumbnail","7":"category-aktualitet","8":"category-te-fundit","9":"tag-humb-jeten-23-vjecari-me-motor","10":"tag-u-perplas-me-makine-nga-nje-shofer-i-dehur"},"_links":{"self":[{"href":"https:\/\/jugulajm.net\/index.php?rest_route=\/wp\/v2\/posts\/62559","targetHints":{"allow":["GET"]}}],"collection":[{"href":"https:\/\/jugulajm.net\/index.php?rest_route=\/wp\/v2\/posts"}],"about":[{"href":"https:\/\/jugulajm.net\/index.php?rest_route=\/wp\/v2\/types\/post"}],"author":[{"embeddable":true,"href":"https:\/\/jugulajm.net\/index.php?rest_route=\/wp\/v2\/users\/5"}],"replies":[{"embeddable":true,"href":"https:\/\/jugulajm.net\/index.php?rest_route=%2Fwp%2Fv2%2Fcomments&post=62559"}],"version-history":[{"count":0,"href":"https:\/\/jugulajm.net\/index.php?rest_route=\/wp\/v2\/posts\/62559\/revisions"}],"wp:featuredmedia":[{"embeddable":true,"href":"https:\/\/jugulajm.net\/index.php?rest_route=\/wp\/v2\/media\/52295"}],"wp:attachment":[{"href":"https:\/\/jugulajm.net\/index.php?rest_route=%2Fwp%2Fv2%2Fmedia&parent=62559"}],"wp:term":[{"taxonomy":"category","embeddable":true,"href":"https:\/\/jugulajm.net\/index.php?rest_route=%2Fwp%2Fv2%2Fcategories&post=62559"},{"taxonomy":"post_tag","embeddable":true,"href":"https:\/\/jugulajm.net\/index.php?rest_route=%2Fwp%2Fv2%2Ftags&post=62559"}],"curies":[{"name":"wp","href":"https:\/\/api.w.org\/{rel}","templated":true}]}}