{"id":62548,"date":"2023-07-19T09:39:03","date_gmt":"2023-07-19T07:39:03","guid":{"rendered":"https:\/\/jugulajm.net\/?p=62548"},"modified":"2023-07-19T09:57:48","modified_gmt":"2023-07-19T07:57:48","slug":"emrat-ja-kush-jane-5-shqiptaret-qe-humben-jeten-ne-aksidentin-tragjik-ne-greqi","status":"publish","type":"post","link":"https:\/\/jugulajm.net\/?p=62548","title":{"rendered":"EMRAT\/ Ja kush jan\u00eb 5 shqiptar\u00ebt q\u00eb humb\u00ebn jet\u00ebn n\u00eb aksidentin tragjik n\u00eb Greqi"},"content":{"rendered":"<p>Nj\u00eb aksident me pasoj\u00eb vdekjen e 5 shqiptar\u00ebve ka ndodhur pasditen e djeshme n\u00eb Greqi.<\/p>\n<p>M\u00ebsohet\u00a0 se viktimat e aksidentit, q\u00eb ishin punonj\u00ebs sezonal\u00eb n\u00eb vendin fqinj, jan\u00eb;<\/p>\n<p>Media greke \u2018Protothema\u2019 shkruan se ata ishin pun\u00ebtor\u00eb ferme.<\/p>\n<div><strong>Viktimat jan\u00eb<\/strong><\/div>\n<div>Besim Mu\u00e7aj, 55 vje\u00e7, nga Kuk\u00ebsi, me banim n\u00eb\u00a0Durr\u00ebs (shoferi)<br \/>\nErgin Peposhi, 19 vje\u00e7, nga Kuk\u00ebsi, me banim\u00a0n\u00eb Tiran\u00eb<br \/>\nArdit Peposhi, 16 vje\u00e7, nga Kuk\u00ebsi, me banim\u00a0n\u00eb Tiran\u00eb<br \/>\nGazmen Brahaj.47 vje\u00e7 me\u00a0banim\u00a0n\u00eb Durr\u00ebs<br \/>\nIlir Daci, 50 vje\u00e7 nga Preza me banim n\u00eb Tiran\u00ebs<\/div>\n<div><\/div>\n<div><\/div>\n<p>Nga hetimet paraprake automjeti ka dal\u00eb nga korsia e vet\u00eb n\u00eb rrethana ende t\u00eb pazbardhura dhe ka hyr\u00eb n\u00eb korsin\u00eb e gabuar, duke u p\u00ebrplasur m\u00eb pas me kamionin.<\/p>\n<p>P\u00ebrplasja ka qen\u00eb aq e fort\u00eb sa e vetmja pjes\u00eb e makin\u00ebs q\u00eb ka mbetur e paprekur ka qen\u00eb bagazhi.<\/p>\n","protected":false},"excerpt":{"rendered":"<p>Nj\u00eb aksident me pasoj\u00eb vdekjen e 5 shqiptar\u00ebve ka ndodhur pasditen e djeshme n\u00eb Greqi. M\u00ebsohet\u00a0 se viktimat e aksidentit, q\u00eb ishin punonj\u00ebs sezonal\u00eb n\u00eb vendin fqinj, jan\u00eb; Media greke \u2018Protothema\u2019 shkruan se ata ishin pun\u00ebtor\u00eb ferme. Viktimat jan\u00eb Besim Mu\u00e7aj, 55 vje\u00e7, nga Kuk\u00ebsi, me banim n\u00eb\u00a0Durr\u00ebs (shoferi) Ergin Peposhi, 19 vje\u00e7, nga Kuk\u00ebsi, [&hellip;]<\/p>\n","protected":false},"author":5,"featured_media":62550,"comment_status":"closed","ping_status":"closed","sticky":false,"template":"","format":"standard","meta":{"footnotes":""},"categories":[1,6332],"tags":[24981],"class_list":{"0":"post-62548","1":"post","2":"type-post","3":"status-publish","4":"format-standard","5":"has-post-thumbnail","7":"category-aktualitet","8":"category-te-fundit","9":"tag-emrat-ja-kush-jane-5-shqiptaret-qe-humben-jeten-ne-aksidentin-tragjik-ne-greqi"},"_links":{"self":[{"href":"https:\/\/jugulajm.net\/index.php?rest_route=\/wp\/v2\/posts\/62548","targetHints":{"allow":["GET"]}}],"collection":[{"href":"https:\/\/jugulajm.net\/index.php?rest_route=\/wp\/v2\/posts"}],"about":[{"href":"https:\/\/jugulajm.net\/index.php?rest_route=\/wp\/v2\/types\/post"}],"author":[{"embeddable":true,"href":"https:\/\/jugulajm.net\/index.php?rest_route=\/wp\/v2\/users\/5"}],"replies":[{"embeddable":true,"href":"https:\/\/jugulajm.net\/index.php?rest_route=%2Fwp%2Fv2%2Fcomments&post=62548"}],"version-history":[{"count":0,"href":"https:\/\/jugulajm.net\/index.php?rest_route=\/wp\/v2\/posts\/62548\/revisions"}],"wp:featuredmedia":[{"embeddable":true,"href":"https:\/\/jugulajm.net\/index.php?rest_route=\/wp\/v2\/media\/62550"}],"wp:attachment":[{"href":"https:\/\/jugulajm.net\/index.php?rest_route=%2Fwp%2Fv2%2Fmedia&parent=62548"}],"wp:term":[{"taxonomy":"category","embeddable":true,"href":"https:\/\/jugulajm.net\/index.php?rest_route=%2Fwp%2Fv2%2Fcategories&post=62548"},{"taxonomy":"post_tag","embeddable":true,"href":"https:\/\/jugulajm.net\/index.php?rest_route=%2Fwp%2Fv2%2Ftags&post=62548"}],"curies":[{"name":"wp","href":"https:\/\/api.w.org\/{rel}","templated":true}]}}