{"id":62504,"date":"2023-07-18T16:03:52","date_gmt":"2023-07-18T14:03:52","guid":{"rendered":"https:\/\/jugulajm.net\/?p=62504"},"modified":"2023-07-18T16:03:52","modified_gmt":"2023-07-18T14:03:52","slug":"gazetari-ahmetaj-nuk-eshte-fajtori-i-vetem-gjysma-e-qeverise-eshte-nen-hetim","status":"publish","type":"post","link":"https:\/\/jugulajm.net\/?p=62504","title":{"rendered":"Gazetari: Ahmetaj nuk \u00ebsht\u00eb fajtori i vet\u00ebm, gjysma e qeveris\u00eb \u00ebsht\u00eb n\u00ebn hetim"},"content":{"rendered":"<p>Gazetari Denis Dyrnjaja ka komentuar hetimet p\u00ebr ish-ministrin Arben Ahmetaj.<\/p>\n<p>N\u00eb nj\u00eb intervist\u00eb p\u00ebr \u201cReport Tv\u201d, Dyrnjaja tha se m\u00eb shum\u00eb se gjysma e qeveris\u00eb \u00ebsht\u00eb n\u00eb hetim p\u00ebr procedurat e b\u00ebra n\u00eb 10 vite qeverisje. Ai shprehet se n\u00ebse SPAK do tregohet profesional dhe jo emotiv, do kemi nj\u00eb tronditje t\u00eb klas\u00ebs politike shqiptare.<\/p>\n<p><em>\u201cN\u00eb dijenin\u00eb time m\u00eb shum\u00eb se gjysma e qeveris\u00eb jan\u00eb n\u00ebn hetim, pasi kan\u00eb marr\u00eb vendime sepse jan\u00eb 10 vite qeverisje dhe n\u00eb k\u00ebt\u00eb koh\u00eb kan\u00eb ndodhur privatizime dhe prokurime nga m\u00eb t\u00eb ndryshmet. N\u00eb qoft\u00eb se SPAK do t\u00eb tregohet profesional, jo emotiv dhe jo selektiv do t\u00eb kemi v\u00ebrtet\u00eb nj\u00eb tronditje t\u00eb klas\u00ebs politike shqiptare dhe kjo \u00ebsht\u00eb e nevojshme. Drejt\u00ebsia nuk ka as radh\u00eb as koh\u00eb dhe as numra, drejt\u00ebsia ka fakte. N\u00ebse do t\u00eb ket\u00eb prova dhe fakte \u00e7do gj\u00eb do t\u00eb jet\u00eb korrekte\u201d,<\/em>\u00a0u shpreh Dyrnjaja.<\/p>\n<p>Dyrnjaja komentoi gjithashtu edhe reagimin e Kryeministrit Edi Rama p\u00ebr Ahmetajn, duke e konsideruar si nj\u00eb reagim t\u00eb paprecedent\u00eb, q\u00eb kishte si q\u00ebllim shfokusimin e p\u00ebrgjegj\u00ebsis\u00eb s\u00eb tij politike.<\/p>\n<p><em>\u201cReagimi i kryeministrit \u00ebsht\u00eb reagim i paprecedent\u00eb, jo p\u00ebr keq por se ka gjetur nj\u00eb form\u00eb shum\u00eb sepse ka penetruar n\u00eb nj\u00eb hap\u00ebsir\u00eb bosh ku thot\u00eb se un\u00eb e b\u00ebra reform\u00eb n\u00eb drejt\u00ebsi dhe ja ku i keni rezultatet dhe mos prisni nga un\u00eb t\u00eb dal dhe t\u00eb mbroj k\u00ebta q\u00eb po dalin me faj. Nd\u00ebrkoh\u00eb duke v\u00ebn\u00ebn n\u00eb fokus rezultatet e reform\u00ebs n\u00eb drejt\u00ebsi dhe ngjarjeve q\u00eb po ndodhin shmang p\u00ebrgjegj\u00ebsin\u00eb politike\u201d,<\/em>\u00a0tha ai.<\/p>\n<p>Sipas gazetarit Dyrnjaja Ahmetaj p\u00ebrmes postimit t\u00eb tij n\u00eb Facebook, po p\u00ebrpiqet t\u00eb tregoj\u00eb se nuk \u00ebsht\u00eb fajtori i vet\u00ebm n\u00eb k\u00ebt\u00eb \u00e7\u00ebshtje.<\/p>\n<p><em>\u201cArben Ahmetaj po i thot\u00eb t\u00eb gjith\u00eb njer\u00ebzve q\u00eb nuk \u00ebsht\u00eb koka e turkut sepse nuk mund t\u00eb b\u00ebhet viktim\u00eb p\u00ebr t\u00eb gjith\u00eb dhe se ka shum\u00eb t\u00eb tjer\u00eb para tij edhe m\u00eb t\u00eb r\u00ebnd\u00ebsish\u00ebm q\u00eb jan\u00eb fajtor\u00eb\u201d,<\/em>\u00a0tha ai.<\/p>\n","protected":false},"excerpt":{"rendered":"<p>Gazetari Denis Dyrnjaja ka komentuar hetimet p\u00ebr ish-ministrin Arben Ahmetaj. N\u00eb nj\u00eb intervist\u00eb p\u00ebr \u201cReport Tv\u201d, Dyrnjaja tha se m\u00eb shum\u00eb se gjysma e qeveris\u00eb \u00ebsht\u00eb n\u00eb hetim p\u00ebr procedurat e b\u00ebra n\u00eb 10 vite qeverisje. Ai shprehet se n\u00ebse SPAK do tregohet profesional dhe jo emotiv, do kemi nj\u00eb tronditje t\u00eb klas\u00ebs politike shqiptare. [&hellip;]<\/p>\n","protected":false},"author":5,"featured_media":62505,"comment_status":"closed","ping_status":"closed","sticky":false,"template":"","format":"standard","meta":{"footnotes":""},"categories":[1,6332],"tags":[24967,24968],"class_list":{"0":"post-62504","1":"post","2":"type-post","3":"status-publish","4":"format-standard","5":"has-post-thumbnail","7":"category-aktualitet","8":"category-te-fundit","9":"tag-gazetari-ahmetaj-nuk-eshte-fajtori-i-vetem","10":"tag-gjysma-e-qeverise-eshte-nen-hetim"},"_links":{"self":[{"href":"https:\/\/jugulajm.net\/index.php?rest_route=\/wp\/v2\/posts\/62504","targetHints":{"allow":["GET"]}}],"collection":[{"href":"https:\/\/jugulajm.net\/index.php?rest_route=\/wp\/v2\/posts"}],"about":[{"href":"https:\/\/jugulajm.net\/index.php?rest_route=\/wp\/v2\/types\/post"}],"author":[{"embeddable":true,"href":"https:\/\/jugulajm.net\/index.php?rest_route=\/wp\/v2\/users\/5"}],"replies":[{"embeddable":true,"href":"https:\/\/jugulajm.net\/index.php?rest_route=%2Fwp%2Fv2%2Fcomments&post=62504"}],"version-history":[{"count":0,"href":"https:\/\/jugulajm.net\/index.php?rest_route=\/wp\/v2\/posts\/62504\/revisions"}],"wp:featuredmedia":[{"embeddable":true,"href":"https:\/\/jugulajm.net\/index.php?rest_route=\/wp\/v2\/media\/62505"}],"wp:attachment":[{"href":"https:\/\/jugulajm.net\/index.php?rest_route=%2Fwp%2Fv2%2Fmedia&parent=62504"}],"wp:term":[{"taxonomy":"category","embeddable":true,"href":"https:\/\/jugulajm.net\/index.php?rest_route=%2Fwp%2Fv2%2Fcategories&post=62504"},{"taxonomy":"post_tag","embeddable":true,"href":"https:\/\/jugulajm.net\/index.php?rest_route=%2Fwp%2Fv2%2Ftags&post=62504"}],"curies":[{"name":"wp","href":"https:\/\/api.w.org\/{rel}","templated":true}]}}