{"id":62450,"date":"2023-07-17T17:31:41","date_gmt":"2023-07-17T15:31:41","guid":{"rendered":"https:\/\/jugulajm.net\/?p=62450"},"modified":"2023-07-17T17:31:41","modified_gmt":"2023-07-17T15:31:41","slug":"foto-emrat-aksident-makina-perplaset-me-banesen-plagosen-2-te-rinjte","status":"publish","type":"post","link":"https:\/\/jugulajm.net\/?p=62450","title":{"rendered":"FOTO-EMRAT\/ Aksident, makina p\u00ebrplaset me banes\u00ebn, plagosen 2 t\u00eb rinjt\u00eb"},"content":{"rendered":"<p>Nj\u00eb aksident ka ndodhur pasditen e sotme n\u00eb aksin Fush\u00eb Kruj\u00eb-Kruj\u00eb, ku kan\u00eb mbetur t\u00eb plagosur dy t\u00eb rinj.<\/p>\n<p>Burime b\u00ebjn\u00eb me dije se automjeti \u201cAudi\u2019 me t\u00eb cilin udh\u00ebtonin dy t\u00eb rinjt\u00eb Selman dhe Ervin Xeka, p\u00ebrkat\u00ebsisht 17 dhe 20-vje\u00e7 \u00ebsht\u00eb p\u00ebrplasur me murin e nj\u00eb sht\u00ebpie.<\/p>\n<div class=\"teads-adCall\"><\/div>\n<p>P\u00ebr pasoj\u00eb kan\u00eb mbetur t\u00eb plagosur dy t\u00eb rinjt\u00eb t\u00eb cil\u00ebt jan\u00eb d\u00ebrguar me urgjenc\u00eb n\u00eb spital.<\/p>\n<div class=\"d-flex justify-content-center\">\n<div id=\"div-gpt-ad-1631887874155-0\" data-google-query-id=\"CJqY1cuGloADFd9NpAQdgU0B3w\"><\/div>\n<\/div>\n","protected":false},"excerpt":{"rendered":"<p>Nj\u00eb aksident ka ndodhur pasditen e sotme n\u00eb aksin Fush\u00eb Kruj\u00eb-Kruj\u00eb, ku kan\u00eb mbetur t\u00eb plagosur dy t\u00eb rinj. Burime b\u00ebjn\u00eb me dije se automjeti \u201cAudi\u2019 me t\u00eb cilin udh\u00ebtonin dy t\u00eb rinjt\u00eb Selman dhe Ervin Xeka, p\u00ebrkat\u00ebsisht 17 dhe 20-vje\u00e7 \u00ebsht\u00eb p\u00ebrplasur me murin e nj\u00eb sht\u00ebpie. P\u00ebr pasoj\u00eb kan\u00eb mbetur t\u00eb plagosur dy [&hellip;]<\/p>\n","protected":false},"author":5,"featured_media":62451,"comment_status":"closed","ping_status":"closed","sticky":false,"template":"","format":"standard","meta":{"footnotes":""},"categories":[1,6332],"tags":[24938,24939,24940],"class_list":{"0":"post-62450","1":"post","2":"type-post","3":"status-publish","4":"format-standard","5":"has-post-thumbnail","7":"category-aktualitet","8":"category-te-fundit","9":"tag-foto-emrat-aksident","10":"tag-makina-perplaset-me-banesen","11":"tag-plagosen-2-te-rinjte"},"_links":{"self":[{"href":"https:\/\/jugulajm.net\/index.php?rest_route=\/wp\/v2\/posts\/62450","targetHints":{"allow":["GET"]}}],"collection":[{"href":"https:\/\/jugulajm.net\/index.php?rest_route=\/wp\/v2\/posts"}],"about":[{"href":"https:\/\/jugulajm.net\/index.php?rest_route=\/wp\/v2\/types\/post"}],"author":[{"embeddable":true,"href":"https:\/\/jugulajm.net\/index.php?rest_route=\/wp\/v2\/users\/5"}],"replies":[{"embeddable":true,"href":"https:\/\/jugulajm.net\/index.php?rest_route=%2Fwp%2Fv2%2Fcomments&post=62450"}],"version-history":[{"count":0,"href":"https:\/\/jugulajm.net\/index.php?rest_route=\/wp\/v2\/posts\/62450\/revisions"}],"wp:featuredmedia":[{"embeddable":true,"href":"https:\/\/jugulajm.net\/index.php?rest_route=\/wp\/v2\/media\/62451"}],"wp:attachment":[{"href":"https:\/\/jugulajm.net\/index.php?rest_route=%2Fwp%2Fv2%2Fmedia&parent=62450"}],"wp:term":[{"taxonomy":"category","embeddable":true,"href":"https:\/\/jugulajm.net\/index.php?rest_route=%2Fwp%2Fv2%2Fcategories&post=62450"},{"taxonomy":"post_tag","embeddable":true,"href":"https:\/\/jugulajm.net\/index.php?rest_route=%2Fwp%2Fv2%2Ftags&post=62450"}],"curies":[{"name":"wp","href":"https:\/\/api.w.org\/{rel}","templated":true}]}}