{"id":62437,"date":"2023-07-17T12:37:02","date_gmt":"2023-07-17T10:37:02","guid":{"rendered":"https:\/\/jugulajm.net\/?p=62437"},"modified":"2023-07-17T12:37:02","modified_gmt":"2023-07-17T10:37:02","slug":"emri-shkarkohet-nga-klp-prokurori-i-sarandes","status":"publish","type":"post","link":"https:\/\/jugulajm.net\/?p=62437","title":{"rendered":"EMRI\/ Shkarkohet nga KLP prokurori i Sarand\u00ebs"},"content":{"rendered":"<p>K\u00ebshilli i Lart\u00eb i Prokuroris\u00eb ka pranuar propozimin e Inspektorit t\u00eb Lart\u00eb t\u00eb Drejt\u00ebsis\u00eb p\u00ebr mas\u00ebn disiplinore \u201cshkarkim nga detyra\u201d ndaj magjistratit Sali Hasa. Gjithashtu, prokurorit Hasa i \u00ebsht\u00eb pezulluar edhe p\u00ebrfitimi i pag\u00ebs 50%.<\/p>\n<p>ILD k\u00ebrkoi shkarkimin e prokurorit p\u00ebr shkak t\u00eb d\u00ebnimit t\u00eb tij me form\u00eb t\u00eb prer\u00eb p\u00ebr korrupsion dhe fshehje pasurie, pas hetimeve t\u00eb SPAK ndaj nj\u00eb grupi t\u00eb trafikut t\u00eb drog\u00ebs, q\u00eb e \u00e7uan n\u00eb pranga m\u00eb 19 qershor 2021.<\/p>\n<p>Sali Hasa u d\u00ebnua me 2 vite burg p\u00ebr akuz\u00ebn e \u201ckorrupsionit\u201d dhe u shpall i pafaj\u00ebsh\u00ebm p\u00ebr \u201cfshehje e mosdeklarim t\u00eb pasuris\u00eb\u201d.<\/p>\n<p>Gjykata vendosi q\u00eb 2 vitet burgim, t\u2019i konvertohen n\u00eb 4 vite sh\u00ebrbim prove duke b\u00ebr\u00eb q\u00eb ai t\u00eb fitoj\u00eb lirin\u00eb.<\/p>\n<p>Afro dy vjet m\u00eb par\u00eb, m\u00eb 3 shtator 2021, Hasa u shkarkua nga detyra prej Komisionit t\u00eb Pavarur t\u00eb Kualifikimit, KPK, pasi u konkludua se kishte kryer deklarime t\u00eb pasakta dhe kontradiktore p\u00ebr pasurin\u00eb, se kishte munges\u00eb t\u00eb burimeve, si dhe ishte p\u00ebrpjekur t\u2019i fsheh\u00eb ato.<\/p>\n<p>Pranimi i nj\u00eb sip\u00ebrfaqe toke n\u00eb bregdet dhe i favoreve t\u00eb tjera u konsideruan n\u00eb c\u00ebnim t\u00eb besimit t\u00eb publikut tek drejt\u00ebsia nga ana e KPK.<\/p>\n","protected":false},"excerpt":{"rendered":"<p>K\u00ebshilli i Lart\u00eb i Prokuroris\u00eb ka pranuar propozimin e Inspektorit t\u00eb Lart\u00eb t\u00eb Drejt\u00ebsis\u00eb p\u00ebr mas\u00ebn disiplinore \u201cshkarkim nga detyra\u201d ndaj magjistratit Sali Hasa. Gjithashtu, prokurorit Hasa i \u00ebsht\u00eb pezulluar edhe p\u00ebrfitimi i pag\u00ebs 50%. ILD k\u00ebrkoi shkarkimin e prokurorit p\u00ebr shkak t\u00eb d\u00ebnimit t\u00eb tij me form\u00eb t\u00eb prer\u00eb p\u00ebr korrupsion dhe fshehje pasurie, [&hellip;]<\/p>\n","protected":false},"author":5,"featured_media":55673,"comment_status":"closed","ping_status":"closed","sticky":false,"template":"","format":"standard","meta":{"footnotes":""},"categories":[1,6332],"tags":[24930],"class_list":{"0":"post-62437","1":"post","2":"type-post","3":"status-publish","4":"format-standard","5":"has-post-thumbnail","7":"category-aktualitet","8":"category-te-fundit","9":"tag-emri-shkarkohet-nga-klp-prokurori-i-sarandes"},"_links":{"self":[{"href":"https:\/\/jugulajm.net\/index.php?rest_route=\/wp\/v2\/posts\/62437","targetHints":{"allow":["GET"]}}],"collection":[{"href":"https:\/\/jugulajm.net\/index.php?rest_route=\/wp\/v2\/posts"}],"about":[{"href":"https:\/\/jugulajm.net\/index.php?rest_route=\/wp\/v2\/types\/post"}],"author":[{"embeddable":true,"href":"https:\/\/jugulajm.net\/index.php?rest_route=\/wp\/v2\/users\/5"}],"replies":[{"embeddable":true,"href":"https:\/\/jugulajm.net\/index.php?rest_route=%2Fwp%2Fv2%2Fcomments&post=62437"}],"version-history":[{"count":0,"href":"https:\/\/jugulajm.net\/index.php?rest_route=\/wp\/v2\/posts\/62437\/revisions"}],"wp:featuredmedia":[{"embeddable":true,"href":"https:\/\/jugulajm.net\/index.php?rest_route=\/wp\/v2\/media\/55673"}],"wp:attachment":[{"href":"https:\/\/jugulajm.net\/index.php?rest_route=%2Fwp%2Fv2%2Fmedia&parent=62437"}],"wp:term":[{"taxonomy":"category","embeddable":true,"href":"https:\/\/jugulajm.net\/index.php?rest_route=%2Fwp%2Fv2%2Fcategories&post=62437"},{"taxonomy":"post_tag","embeddable":true,"href":"https:\/\/jugulajm.net\/index.php?rest_route=%2Fwp%2Fv2%2Ftags&post=62437"}],"curies":[{"name":"wp","href":"https:\/\/api.w.org\/{rel}","templated":true}]}}