{"id":62391,"date":"2023-07-16T14:18:36","date_gmt":"2023-07-16T12:18:36","guid":{"rendered":"https:\/\/jugulajm.net\/?p=62391"},"modified":"2023-07-16T14:18:36","modified_gmt":"2023-07-16T12:18:36","slug":"goditi-me-thike-48-vjecaren-prangoset-69-vjecari","status":"publish","type":"post","link":"https:\/\/jugulajm.net\/?p=62391","title":{"rendered":"Goditi me thik\u00eb 48-vje\u00e7aren, prangoset 69-vje\u00e7ari"},"content":{"rendered":"<p>Nj\u00eb ngjarje e r\u00ebnd\u00eb \u00ebsht\u00eb regjistruar n\u00eb Tiran\u00eb, ku nj\u00eb 48-vje\u00e7are \u00ebsht\u00eb plagosur me thik\u00eb. Ngjarja ndodhi n\u00eb rrug\u00ebn \u201cKamber Shevroja\u201d n\u00eb kryeqytet.<\/p>\n<p>Burime zyrtare nga policia b\u00ebn\u00eb me dije se gjat\u00eb nj\u00eb konflikti p\u00ebr motive t\u00eb dob\u00ebta, shtetasi me inicialet M. B., 69 vje\u00e7, dyshohet se ka goditur me mjet prer\u00ebs shtetasen me inicialet V. A. T\u00eb nj\u00ebjtat burime sqarojn\u00eb se autori i dyshuar \u00ebsht\u00eb arrestuar.<\/p>\n<p><strong>Njoftim i policis\u00eb:<\/strong><\/p>\n<p>Goditi me mjet prer\u00ebs thik\u00eb nj\u00eb shtetase, fal\u00eb reagimit n\u00eb koh\u00eb dhe veprimeve t\u00eb shpejta nga Policia, kapet dhe shoq\u00ebrohet n\u00eb komisariat autori i dyshuar. Sekuestrohet mjeti prer\u00ebs thik\u00eb, t\u00eb cil\u00ebn autori e p\u00ebrdori gjat\u00eb ngjarjes. Sh\u00ebrbimet e Komisariatit t\u00eb Policis\u00eb Nr. 4, pas marrjes s\u00eb njoftimit se n\u00eb rrug\u00ebn \u201cKamber Shevroja\u201d, shtetasi M. B., 69 vje\u00e7, gjat\u00eb nj\u00eb konflikti p\u00ebr motive t\u00eb dob\u00ebta, dyshohet se ka goditur me mjet prer\u00ebs shtetasen V. A., 48 vje\u00e7e, kan\u00eb organizuar menj\u00ebher\u00eb pun\u00ebn p\u00ebr kapjen e autorit t\u00eb dyshuar.<\/p>\n<p>Fal\u00eb veprimeve t\u00eb shpejta policore sh\u00ebrbimet e Komisariatit t\u00eb Policis\u00eb Nr. 4, kap\u00ebn dhe shoq\u00ebruan n\u00eb komisariat autorin e dyshuar shtetasin M. B., 69 vje\u00e7. N\u00eb cil\u00ebsin\u00eb e prov\u00ebs materiale u sekuestrua mjeti prer\u00ebs thik\u00eb q\u00eb autori e p\u00ebrdori gjat\u00eb ngjarjes. Shtetasja V. A., aktualisht ndodhet n\u00eb spital, n\u00ebn kujdesin e mjek\u00ebve. Grupi Hetimor po punon p\u00ebr sqarimin e rrethanave t\u00eb ngjarjes.<\/p>\n","protected":false},"excerpt":{"rendered":"<p>Nj\u00eb ngjarje e r\u00ebnd\u00eb \u00ebsht\u00eb regjistruar n\u00eb Tiran\u00eb, ku nj\u00eb 48-vje\u00e7are \u00ebsht\u00eb plagosur me thik\u00eb. Ngjarja ndodhi n\u00eb rrug\u00ebn \u201cKamber Shevroja\u201d n\u00eb kryeqytet. Burime zyrtare nga policia b\u00ebn\u00eb me dije se gjat\u00eb nj\u00eb konflikti p\u00ebr motive t\u00eb dob\u00ebta, shtetasi me inicialet M. B., 69 vje\u00e7, dyshohet se ka goditur me mjet prer\u00ebs shtetasen me inicialet [&hellip;]<\/p>\n","protected":false},"author":5,"featured_media":51534,"comment_status":"closed","ping_status":"closed","sticky":false,"template":"","format":"standard","meta":{"footnotes":""},"categories":[1,6332],"tags":[24906,24907],"class_list":{"0":"post-62391","1":"post","2":"type-post","3":"status-publish","4":"format-standard","5":"has-post-thumbnail","7":"category-aktualitet","8":"category-te-fundit","9":"tag-goditi-me-thike-48-vjecaren","10":"tag-prangoset-69-vjecari"},"_links":{"self":[{"href":"https:\/\/jugulajm.net\/index.php?rest_route=\/wp\/v2\/posts\/62391","targetHints":{"allow":["GET"]}}],"collection":[{"href":"https:\/\/jugulajm.net\/index.php?rest_route=\/wp\/v2\/posts"}],"about":[{"href":"https:\/\/jugulajm.net\/index.php?rest_route=\/wp\/v2\/types\/post"}],"author":[{"embeddable":true,"href":"https:\/\/jugulajm.net\/index.php?rest_route=\/wp\/v2\/users\/5"}],"replies":[{"embeddable":true,"href":"https:\/\/jugulajm.net\/index.php?rest_route=%2Fwp%2Fv2%2Fcomments&post=62391"}],"version-history":[{"count":0,"href":"https:\/\/jugulajm.net\/index.php?rest_route=\/wp\/v2\/posts\/62391\/revisions"}],"wp:featuredmedia":[{"embeddable":true,"href":"https:\/\/jugulajm.net\/index.php?rest_route=\/wp\/v2\/media\/51534"}],"wp:attachment":[{"href":"https:\/\/jugulajm.net\/index.php?rest_route=%2Fwp%2Fv2%2Fmedia&parent=62391"}],"wp:term":[{"taxonomy":"category","embeddable":true,"href":"https:\/\/jugulajm.net\/index.php?rest_route=%2Fwp%2Fv2%2Fcategories&post=62391"},{"taxonomy":"post_tag","embeddable":true,"href":"https:\/\/jugulajm.net\/index.php?rest_route=%2Fwp%2Fv2%2Ftags&post=62391"}],"curies":[{"name":"wp","href":"https:\/\/api.w.org\/{rel}","templated":true}]}}