{"id":62347,"date":"2023-07-15T19:14:36","date_gmt":"2023-07-15T17:14:36","guid":{"rendered":"https:\/\/jugulajm.net\/?p=62347"},"modified":"2023-07-15T19:14:36","modified_gmt":"2023-07-15T17:14:36","slug":"emri-foto-ja-kush-eshte-shqiptari-qe-u-vra-nga-policia-italiane-ja-detajet","status":"publish","type":"post","link":"https:\/\/jugulajm.net\/?p=62347","title":{"rendered":"EMRI-FOTO\/ Ja kush \u00ebsht\u00eb shqiptari q\u00eb u vra nga policia italiane, ja detajet&#8230;"},"content":{"rendered":"<div class=\"jeg_navbar_mobile_wrapper\">\n<div class=\"jeg_navbar_mobile notransition jeg_sticky_nav\" data-mode=\"scroll\">\n<div class=\"jeg_mobile_bottombar jeg_mobile_midbar jeg_container normal\">\n<div class=\"container\">\n<div class=\"jeg_nav_row\">\n<div class=\"jeg_nav_col jeg_nav_center jeg_nav_grow\">\n<div class=\"item_wrap jeg_nav_aligncenter\">\n<div class=\"jeg_nav_item jeg_mobile_logo\">\n<div class=\"site-title\">N\u00eb foton kryesore \u00ebsht\u00eb 55-vje\u00e7ari shqiptar q\u00eb u vra nga karabinier\u00ebt italian\u00eb pasditen e djeshme n\u00eb Padova t\u00eb Italis\u00eb.<\/div>\n<\/div>\n<\/div>\n<\/div>\n<\/div>\n<\/div>\n<\/div>\n<\/div>\n<\/div>\n<div class=\"post-wrapper\">\n<div class=\"post-wrap\">\n<div class=\"jeg_main \">\n<div class=\"jeg_container\">\n<div class=\"jeg_content jeg_singlepage\">\n<div class=\"container\">\n<div class=\"row\">\n<div class=\"jeg_main_content col-md-8\">\n<div class=\"jeg_inner_content\">\n<div class=\"entry-content no-share\">\n<div class=\"content-inner \">\n<p>Ngjarja ka ndodhur rreth or\u00ebs 14:00. Haxhi \u00c7ollaku kishte shkuar n\u00eb banes\u00ebn e ish-bashk\u00ebshortes s\u00eb tij, por kishte urdh\u00ebr ndalimi nga policia p\u00ebr t\u00eb mos u afruar. Ish-gruaja e 55-vje\u00e7arit ka njoftuar policin\u00eb dhe kur karabinier\u00ebt kan\u00eb shkuar n\u00eb vendngjarje, ai ka p\u00ebrplasur me furgon nj\u00eb efektive italiane.<\/p>\n<p>M\u00eb pas e ka k\u00ebrc\u00ebnuar me thik\u00eb teksa ajo q\u00ebndronte e shtrir\u00eb n\u00eb tok\u00eb. Por nj\u00eb nga koleg\u00ebt e saj, e ka q\u00eblluar shqiptarin p\u00ebr vdekje.<\/p>\n<p>Karabinier\u00ebt i kan\u00eb b\u00ebr\u00eb thirrje \u00c7ollakut t\u00eb largohej, por ai ka reaguar ashp\u00ebr ndaj tyre.<\/p>\n<p>Fillimisht \u00ebsht\u00eb futur n\u00eb makin\u00eb dhe polic\u00ebt kan\u00eb menduar se do t\u00eb largohej.<\/p>\n<p>Por n\u00eb vend t\u00eb k\u00ebsaj, ai i ka dh\u00ebn\u00eb gaz furgonit dhe ka goditur efektiven e policis\u00eb, duke i shtypur k\u00ebmb\u00ebt.<\/p>\n<p>Ajo kishte mbetur e bllokuar mes dy automjeteve dhe 50-vje\u00e7ari duke mos u mjaftuar me kaq, ka zbritur nga furgoni dhe iu \u00ebsht\u00eb afruar me thik\u00eb efektives q\u00eb b\u00ebrtiste nga dhimbjet<\/p>\n<p>N\u00eb k\u00ebt\u00eb moment, kolegu i saj ka q\u00eblluar 4 her\u00eb n\u00eb drejtim t\u00eb shqiptarit duke e goditur n\u00eb k\u00ebmb\u00eb dhe bark.<\/p>\n<p>Ish-gruaja e tij dhe vajza 23-vje\u00e7are kan\u00eb par\u00eb sken\u00ebn t\u00eb tmerruara pa mundur t\u00eb b\u00ebjn\u00eb dot asgj\u00eb.<\/p>\n<p>\u00c7ollaku nd\u00ebrroi jet\u00eb n\u00eb spital pak pas or\u00ebs 17:00.<\/p>\n<p>Autoritetet italiane kan\u00eb l\u00ebshuar m\u00eb par\u00eb nj\u00eb urdh\u00ebr ndalimi p\u00ebr viktim\u00eb q\u00eb t\u00eb mos i afrohej banes\u00ebs s\u00eb ish-bashk\u00ebshortes s\u00eb tij.<\/p>\n<\/div>\n<\/div>\n<\/div>\n<\/div>\n<\/div>\n<\/div>\n<\/div>\n<\/div>\n<\/div>\n<\/div>\n<\/div>\n","protected":false},"excerpt":{"rendered":"<p>N\u00eb foton kryesore \u00ebsht\u00eb 55-vje\u00e7ari shqiptar q\u00eb u vra nga karabinier\u00ebt italian\u00eb pasditen e djeshme n\u00eb Padova t\u00eb Italis\u00eb. Ngjarja ka ndodhur rreth or\u00ebs 14:00. Haxhi \u00c7ollaku kishte shkuar n\u00eb banes\u00ebn e ish-bashk\u00ebshortes s\u00eb tij, por kishte urdh\u00ebr ndalimi nga policia p\u00ebr t\u00eb mos u afruar. Ish-gruaja e 55-vje\u00e7arit ka njoftuar policin\u00eb dhe kur karabinier\u00ebt [&hellip;]<\/p>\n","protected":false},"author":5,"featured_media":62348,"comment_status":"closed","ping_status":"closed","sticky":false,"template":"","format":"standard","meta":{"footnotes":""},"categories":[1,6332],"tags":[24891,21500],"class_list":{"0":"post-62347","1":"post","2":"type-post","3":"status-publish","4":"format-standard","5":"has-post-thumbnail","7":"category-aktualitet","8":"category-te-fundit","9":"tag-emri-foto-ja-kush-eshte-shqiptari-qe-u-vra-nga-policia-italiane","10":"tag-ja-detajet"},"_links":{"self":[{"href":"https:\/\/jugulajm.net\/index.php?rest_route=\/wp\/v2\/posts\/62347","targetHints":{"allow":["GET"]}}],"collection":[{"href":"https:\/\/jugulajm.net\/index.php?rest_route=\/wp\/v2\/posts"}],"about":[{"href":"https:\/\/jugulajm.net\/index.php?rest_route=\/wp\/v2\/types\/post"}],"author":[{"embeddable":true,"href":"https:\/\/jugulajm.net\/index.php?rest_route=\/wp\/v2\/users\/5"}],"replies":[{"embeddable":true,"href":"https:\/\/jugulajm.net\/index.php?rest_route=%2Fwp%2Fv2%2Fcomments&post=62347"}],"version-history":[{"count":0,"href":"https:\/\/jugulajm.net\/index.php?rest_route=\/wp\/v2\/posts\/62347\/revisions"}],"wp:featuredmedia":[{"embeddable":true,"href":"https:\/\/jugulajm.net\/index.php?rest_route=\/wp\/v2\/media\/62348"}],"wp:attachment":[{"href":"https:\/\/jugulajm.net\/index.php?rest_route=%2Fwp%2Fv2%2Fmedia&parent=62347"}],"wp:term":[{"taxonomy":"category","embeddable":true,"href":"https:\/\/jugulajm.net\/index.php?rest_route=%2Fwp%2Fv2%2Fcategories&post=62347"},{"taxonomy":"post_tag","embeddable":true,"href":"https:\/\/jugulajm.net\/index.php?rest_route=%2Fwp%2Fv2%2Ftags&post=62347"}],"curies":[{"name":"wp","href":"https:\/\/api.w.org\/{rel}","templated":true}]}}