{"id":62319,"date":"2023-07-15T11:06:19","date_gmt":"2023-07-15T09:06:19","guid":{"rendered":"https:\/\/jugulajm.net\/?p=62319"},"modified":"2023-07-15T11:06:19","modified_gmt":"2023-07-15T09:06:19","slug":"ndryshime-ne-prokurorine-e-gjirokastres-nenkryetari-i-klp-tartar-bazaj-prezanton-kreun-e-prokurorise-rajonale-petrit-cano","status":"publish","type":"post","link":"https:\/\/jugulajm.net\/?p=62319","title":{"rendered":"Ndryshime n\u00eb Prokurorin\u00eb e Gjirokastr\u00ebs, n\u00ebnkryetari i KLP, Tartar Bazaj, prezanton kreun e Prokuroris\u00eb Rajonale, Petrit \u00c7ano"},"content":{"rendered":"<p>Ndryshime n\u00eb krye t\u00eb Prokuroris\u00eb s\u00eb Gjirokastr\u00ebs.<\/p>\n<p>Petrit \u00c7ano em\u00ebrohet kreu i Prokuroris\u00eb Rajonale.<\/p>\n<p>Nj\u00eb varg ndryshimesh ka prekur organin e akuz\u00ebs n\u00eb Gjirokast\u00ebr, ku s\u00eb fundi \u00ebsht\u00eb em\u00ebruar n\u00eb krye t\u00eb tij Petrit \u00c7ano, nj\u00eb em\u00ebr mjaft i njohur n\u00eb sistemin e drejt\u00ebsis\u00eb shqiptare.<\/p>\n<p>\u00c7ano \u00ebsht\u00eb prezantuar nga n\u00ebnkryetari i KLP Tartar Bazaj, p\u00ebrmes nj\u00eb ceremonie t\u00eb organizuar n\u00eb ambjentet e Prokuroris\u00eb s\u00eb Gjirokastr\u00ebs.<\/p>\n<p>Bazaj krahas \u00c7anos, ka prezantuar edhe dy prokuror\u00eb t\u00eb rinj q\u00eb kan\u00eb ardhur t\u00eb punojn\u00eb n\u00eb Gjirokast\u00ebr.<\/p>\n<p>K\u00ebta t\u00eb fundit kan\u00eb z\u00ebvend\u00ebsuar n\u00eb k\u00ebt\u00eb pozit\u00eb, prokuror\u00ebt q\u00eb jan\u00eb larguar s\u00eb fundi nga Prokuroria e Gjirokastr\u00ebs p\u00ebrkat\u00ebsisht Julian \u00c7afka dhe Asllan Bajrami.<\/p>\n<p>I pari ka qen\u00eb kreu i Prokuroris\u00eb s\u00eb Gjirokastr\u00ebs p\u00ebr 3 vite rresht, nd\u00ebrsa i dyti ka qen\u00eb n\u00eb krye t\u00eb Prokuroris\u00eb s\u00eb P\u00ebrmetit p\u00ebr 4 vite rresht.<\/p>\n<p>Rjedhimisht me ardhjen e drejtuesit t\u00eb ri n\u00eb Prokurorin\u00eb e Gjirokastr\u00ebs, pritet q\u00eb funksioni i k\u00ebtij organi t\u00eb jet\u00eb t\u00ebr\u00ebsisht i plot\u00eb pas mungesave t\u00eb hasura vitet e fundit.<\/p>\n","protected":false},"excerpt":{"rendered":"<p>Ndryshime n\u00eb krye t\u00eb Prokuroris\u00eb s\u00eb Gjirokastr\u00ebs. Petrit \u00c7ano em\u00ebrohet kreu i Prokuroris\u00eb Rajonale. Nj\u00eb varg ndryshimesh ka prekur organin e akuz\u00ebs n\u00eb Gjirokast\u00ebr, ku s\u00eb fundi \u00ebsht\u00eb em\u00ebruar n\u00eb krye t\u00eb tij Petrit \u00c7ano, nj\u00eb em\u00ebr mjaft i njohur n\u00eb sistemin e drejt\u00ebsis\u00eb shqiptare. \u00c7ano \u00ebsht\u00eb prezantuar nga n\u00ebnkryetari i KLP Tartar Bazaj, p\u00ebrmes [&hellip;]<\/p>\n","protected":false},"author":5,"featured_media":62320,"comment_status":"closed","ping_status":"closed","sticky":false,"template":"","format":"standard","meta":{"footnotes":""},"categories":[1,6332],"tags":[24873,24874,24877,24876,24875],"class_list":{"0":"post-62319","1":"post","2":"type-post","3":"status-publish","4":"format-standard","5":"has-post-thumbnail","7":"category-aktualitet","8":"category-te-fundit","9":"tag-ndryshime-ne-prokurorine-e-gjirokastres","10":"tag-nenkryetari-i-klp","11":"tag-petrit-cano","12":"tag-prezanton-kreun-e-prokurorise-rajonale","13":"tag-tartar-bazaj"},"_links":{"self":[{"href":"https:\/\/jugulajm.net\/index.php?rest_route=\/wp\/v2\/posts\/62319","targetHints":{"allow":["GET"]}}],"collection":[{"href":"https:\/\/jugulajm.net\/index.php?rest_route=\/wp\/v2\/posts"}],"about":[{"href":"https:\/\/jugulajm.net\/index.php?rest_route=\/wp\/v2\/types\/post"}],"author":[{"embeddable":true,"href":"https:\/\/jugulajm.net\/index.php?rest_route=\/wp\/v2\/users\/5"}],"replies":[{"embeddable":true,"href":"https:\/\/jugulajm.net\/index.php?rest_route=%2Fwp%2Fv2%2Fcomments&post=62319"}],"version-history":[{"count":0,"href":"https:\/\/jugulajm.net\/index.php?rest_route=\/wp\/v2\/posts\/62319\/revisions"}],"wp:featuredmedia":[{"embeddable":true,"href":"https:\/\/jugulajm.net\/index.php?rest_route=\/wp\/v2\/media\/62320"}],"wp:attachment":[{"href":"https:\/\/jugulajm.net\/index.php?rest_route=%2Fwp%2Fv2%2Fmedia&parent=62319"}],"wp:term":[{"taxonomy":"category","embeddable":true,"href":"https:\/\/jugulajm.net\/index.php?rest_route=%2Fwp%2Fv2%2Fcategories&post=62319"},{"taxonomy":"post_tag","embeddable":true,"href":"https:\/\/jugulajm.net\/index.php?rest_route=%2Fwp%2Fv2%2Ftags&post=62319"}],"curies":[{"name":"wp","href":"https:\/\/api.w.org\/{rel}","templated":true}]}}