{"id":62304,"date":"2023-07-14T21:30:36","date_gmt":"2023-07-14T19:30:36","guid":{"rendered":"https:\/\/jugulajm.net\/?p=62304"},"modified":"2023-07-14T21:30:59","modified_gmt":"2023-07-14T19:30:59","slug":"vrasja-e-shqiptarit-ne-greqi-fet-vrasesi-nuk-do-ta-vrisja-por","status":"publish","type":"post","link":"https:\/\/jugulajm.net\/?p=62304","title":{"rendered":"Vrasja e shqiptarit n\u00eb Greqi\/ Flet vras\u00ebsi: Nuk do ta vrisja, por&#8230;"},"content":{"rendered":"<p>Nuk kisha asnj\u00eb motiv p\u00ebr t\u00eb kryer\u00a0vrasje.\u00a0Koh\u00ebt e fundit kam marr\u00eb\u00a0k\u00ebrc\u00ebnime\u00a0serioze p\u00ebr jet\u00ebn nga viktima.\u00a0Ndaj meje kan\u00eb ndodhur dy\u00a0incidente t\u00eb dhunshme\u00a0nga viktima dhe jasht\u00eb karburantit jam sulmuar s\u00ebrish nga viktima\u201d.<\/p>\n<p>K\u00ebshtu i tha policis\u00eb greke\u00a045-vje\u00e7ari shqiptar\u00a0q\u00eb q\u00eblloi dhe vrau bashk\u00ebkomb\u00ebsin e tij\u00a050-vje\u00e7ari mesdit\u00ebn e s\u00eb enjtes, jasht\u00eb karburantit n\u00eb zon\u00ebn e Analipsit n\u00eb\u00a0Selanik.<\/p>\n<p>Mediat<a href=\"https:\/\/www.protothema.gr\/greece\/article\/1392645\/thessaloniki-den-ithela-na-skotoso-me-apeilise-gia-ti-zoi-mou-kai-mou-epitethike-leei-o-andras-pou-skotose-ton-50hrono\/\">\u00a0greke<\/a>\u00a0shkruajn\u00eb se autori, i cili u dor\u00ebzua sot rreth or\u00ebs 16:30, n\u00eb prani t\u00eb avokatit t\u00eb tij,\u00a0Thanasis Alexopoulos,\u00a0ka treguar n\u00eb polici se ku e ka l\u00ebn\u00eb makin\u00ebn q\u00eb drejtonte pasditen e djeshme dhe ku ka l\u00ebn\u00eb arm\u00ebn q\u00eb ka p\u00ebrdorur p\u00ebr t\u00eb vrar\u00eb viktim\u00ebn.<\/p>\n<p>N\u00eb video shihet viktima duke debatuar me drejtuesin e nj\u00eb automjeti dhe m\u00eb pas tenton ta godas\u00eb me zinxhir.\u00a0M\u00eb pas ai q\u00ebllohet me arm\u00eb zjarri dhe bie n\u00eb trotuar.<\/p>\n<p>Sipas informacioneve, i akuzuari ka\u00a0hematom\u00eb\u00a0dhe\u00a0t\u00eb nxira\u00a0n\u00eb kok\u00eb nga sulmi i viktim\u00ebs me sende t\u00eb forta, jasht\u00eb pomp\u00ebs s\u00eb benzin\u00ebs dhe p\u00ebr k\u00ebt\u00eb \u00ebsht\u00eb urdh\u00ebruar ekspertiza.<\/p>\n<p>\u201cMe paralajm\u00ebrimin se nga shkresat e \u00e7\u00ebshtjes del ajo q\u00eb m\u00eb thot\u00eb klienti im, deklaroj se kam marr\u00eb p\u00ebrsip\u00ebr mbrojtjen e tij\u201d,\u00a0tha avokati, duke theksuar se 45-vje\u00e7ari nuk kishte nd\u00ebrmend t\u2019i shp\u00ebtonte arrestimit.<\/p>\n","protected":false},"excerpt":{"rendered":"<p>Nuk kisha asnj\u00eb motiv p\u00ebr t\u00eb kryer\u00a0vrasje.\u00a0Koh\u00ebt e fundit kam marr\u00eb\u00a0k\u00ebrc\u00ebnime\u00a0serioze p\u00ebr jet\u00ebn nga viktima.\u00a0Ndaj meje kan\u00eb ndodhur dy\u00a0incidente t\u00eb dhunshme\u00a0nga viktima dhe jasht\u00eb karburantit jam sulmuar s\u00ebrish nga viktima\u201d. K\u00ebshtu i tha policis\u00eb greke\u00a045-vje\u00e7ari shqiptar\u00a0q\u00eb q\u00eblloi dhe vrau bashk\u00ebkomb\u00ebsin e tij\u00a050-vje\u00e7ari mesdit\u00ebn e s\u00eb enjtes, jasht\u00eb karburantit n\u00eb zon\u00ebn e Analipsit n\u00eb\u00a0Selanik. Mediat\u00a0greke\u00a0shkruajn\u00eb se [&hellip;]<\/p>\n","protected":false},"author":5,"featured_media":62236,"comment_status":"closed","ping_status":"closed","sticky":false,"template":"","format":"standard","meta":{"footnotes":""},"categories":[1,6332],"tags":[21429,24870],"class_list":{"0":"post-62304","1":"post","2":"type-post","3":"status-publish","4":"format-standard","5":"has-post-thumbnail","7":"category-aktualitet","8":"category-te-fundit","9":"tag-por","10":"tag-vrasja-e-shqiptarit-ne-greqi-fet-vrasesi-nuk-do-ta-vrisja"},"_links":{"self":[{"href":"https:\/\/jugulajm.net\/index.php?rest_route=\/wp\/v2\/posts\/62304","targetHints":{"allow":["GET"]}}],"collection":[{"href":"https:\/\/jugulajm.net\/index.php?rest_route=\/wp\/v2\/posts"}],"about":[{"href":"https:\/\/jugulajm.net\/index.php?rest_route=\/wp\/v2\/types\/post"}],"author":[{"embeddable":true,"href":"https:\/\/jugulajm.net\/index.php?rest_route=\/wp\/v2\/users\/5"}],"replies":[{"embeddable":true,"href":"https:\/\/jugulajm.net\/index.php?rest_route=%2Fwp%2Fv2%2Fcomments&post=62304"}],"version-history":[{"count":0,"href":"https:\/\/jugulajm.net\/index.php?rest_route=\/wp\/v2\/posts\/62304\/revisions"}],"wp:featuredmedia":[{"embeddable":true,"href":"https:\/\/jugulajm.net\/index.php?rest_route=\/wp\/v2\/media\/62236"}],"wp:attachment":[{"href":"https:\/\/jugulajm.net\/index.php?rest_route=%2Fwp%2Fv2%2Fmedia&parent=62304"}],"wp:term":[{"taxonomy":"category","embeddable":true,"href":"https:\/\/jugulajm.net\/index.php?rest_route=%2Fwp%2Fv2%2Fcategories&post=62304"},{"taxonomy":"post_tag","embeddable":true,"href":"https:\/\/jugulajm.net\/index.php?rest_route=%2Fwp%2Fv2%2Ftags&post=62304"}],"curies":[{"name":"wp","href":"https:\/\/api.w.org\/{rel}","templated":true}]}}